{"id":16761,"date":"2023-08-31T10:00:00","date_gmt":"2023-08-31T08:00:00","guid":{"rendered":"https:\/\/sollen-design.com\/?p=16761"},"modified":"2023-07-28T16:33:21","modified_gmt":"2023-07-28T14:33:21","slug":"sollen-et-la-cremerie-le-rendez-vous-du-design-a-la-paris-design-week-2023","status":"publish","type":"post","link":"https:\/\/sollen-design.com\/fr\/sollen-et-la-cremerie-le-rendez-vous-du-design-a-la-paris-design-week-2023\/","title":{"rendered":"SOLLEN et La Cr\u00e8merie, le rendez-vous du design \u00e0 la Paris Design Week 2023"},"content":{"rendered":"\n<p style=\"font-style:normal;font-weight:500\">La Paris Design Week est sur le point de commencer, et cette ann\u00e9e, c&rsquo;est avec une <strong>collaboration exceptionnelle<\/strong> que<a href=\"https:\/\/sollen-design.com\/\"> SOLLEN<\/a> se pr\u00e9sentera \u00e0 la <a href=\"https:\/\/galeriejoseph.com\/en\/\">Galerie Joseph<\/a>. Du 7 au 11 septembre, venez d\u00e9couvrir notre partenariat exclusif avec <a href=\"https:\/\/lacremerie.fr\/\">La Cr\u00e8merie<\/a>, agence bordelaise qui <strong>accompagne les particuliers et les professionnels dans leurs projets d\u2019architecture et d\u2019ameublement d\u2019int\u00e9rieur<\/strong>. Ensemble, <strong>nous vous invitons \u00e0 plonger dans un monde de cr\u00e9ativit\u00e9, de design et d&rsquo;innovation au c\u0153ur de l&#8217;embl\u00e9matique Galerie Joseph<\/strong>, qui accueillera un panorama de la jeune sc\u00e8ne du design fran\u00e7ais et international, dont SOLLEN fait partie.<\/p>\n\n\n\n<div style=\"height:92px\" aria-hidden=\"true\" class=\"wp-block-spacer\"><\/div>\n\n\n\n<h2 class=\"wp-block-heading\">SOLLEN et La Cr\u00e8merie, une alchimie bordelaise :<\/h2>\n\n\n\n<div class=\"wp-block-columns is-layout-flex wp-container-core-columns-is-layout-28f84493 wp-block-columns-is-layout-flex\">\n<div class=\"wp-block-column is-layout-flow wp-block-column-is-layout-flow\" style=\"flex-basis:100%\">\n<p style=\"font-style:normal;font-weight:500\">La collaboration entre SOLLEN et La Cr\u00e8merie marque une <strong>union de talents compl\u00e9mentaires<\/strong>. <strong>SOLLEN, maison d\u2019\u00e9dition de mobilier design<\/strong> est reconnu pour son <strong>savoir-faire local et son design unique.<\/strong> D&rsquo;un autre c\u00f4t\u00e9, <strong><a href=\"https:\/\/lacremerie.fr\/\">La Cr\u00e8merie<\/a><\/strong> est un <strong>v\u00e9ritable chef d\u2019orchestre de l\u2019architecture et de l\u2019ameublement en France.<\/strong> De la conception, \u00e0 la r\u00e9alisation du projet et \u00e0 l\u2019ameublement, <strong>son savoir-faire bilat\u00e9ral offre un r\u00e9sultat sur-mesure et 100% personnalis\u00e9.<\/strong><\/p>\n\n\n\n<p style=\"font-style:normal;font-weight:600\"><strong>Leurs ma\u00eetres mots : cl\u00e9 en main, r\u00e9activit\u00e9 et adaptabilit\u00e9 !<\/strong><\/p>\n<\/div>\n<\/div>\n\n\n\n<div style=\"height:35px\" aria-hidden=\"true\" class=\"wp-block-spacer\"><\/div>\n\n\n\n<figure class=\"wp-block-gallery has-nested-images columns-default is-cropped wp-block-gallery-1 is-layout-flex wp-block-gallery-is-layout-flex\">\n<figure class=\"wp-block-image size-large\"><img fetchpriority=\"high\" decoding=\"async\" width=\"1024\" height=\"1024\" data-id=\"16821\" src=\"https:\/\/sollen-design.com\/wp-content\/uploads\/23-1024x1024.jpg\" alt=\"\" class=\"wp-image-16821\" srcset=\"https:\/\/sollen-design.com\/wp-content\/uploads\/23-1024x1024.jpg 1024w, https:\/\/sollen-design.com\/wp-content\/uploads\/23-scaled-800x800.jpg 800w, https:\/\/sollen-design.com\/wp-content\/uploads\/23-scaled-200x200.jpg 200w, https:\/\/sollen-design.com\/wp-content\/uploads\/23-scaled-2000x2000.jpg 2000w, https:\/\/sollen-design.com\/wp-content\/uploads\/23-300x300.jpg 300w, https:\/\/sollen-design.com\/wp-content\/uploads\/23-150x150.jpg 150w, https:\/\/sollen-design.com\/wp-content\/uploads\/23-768x768.jpg 768w, https:\/\/sollen-design.com\/wp-content\/uploads\/23-1536x1536.jpg 1536w, https:\/\/sollen-design.com\/wp-content\/uploads\/23-2048x2048.jpg 2048w, https:\/\/sollen-design.com\/wp-content\/uploads\/23-650x650.jpg 650w, https:\/\/sollen-design.com\/wp-content\/uploads\/23-1300x1300.jpg 1300w\" sizes=\"(max-width: 1024px) 100vw, 1024px\" \/><figcaption class=\"wp-element-caption\">13 cours Gambetta, Talence<\/figcaption><\/figure>\n\n\n\n<figure class=\"wp-block-image size-large\"><img decoding=\"async\" width=\"1024\" height=\"1024\" data-id=\"16825\" src=\"https:\/\/sollen-design.com\/wp-content\/uploads\/24-1024x1024.jpg\" alt=\"\" class=\"wp-image-16825\" srcset=\"https:\/\/sollen-design.com\/wp-content\/uploads\/24-1024x1024.jpg 1024w, https:\/\/sollen-design.com\/wp-content\/uploads\/24-scaled-800x800.jpg 800w, https:\/\/sollen-design.com\/wp-content\/uploads\/24-scaled-200x200.jpg 200w, https:\/\/sollen-design.com\/wp-content\/uploads\/24-scaled-2000x2000.jpg 2000w, https:\/\/sollen-design.com\/wp-content\/uploads\/24-300x300.jpg 300w, https:\/\/sollen-design.com\/wp-content\/uploads\/24-150x150.jpg 150w, https:\/\/sollen-design.com\/wp-content\/uploads\/24-768x768.jpg 768w, https:\/\/sollen-design.com\/wp-content\/uploads\/24-1536x1536.jpg 1536w, https:\/\/sollen-design.com\/wp-content\/uploads\/24-2048x2048.jpg 2048w, https:\/\/sollen-design.com\/wp-content\/uploads\/24-650x650.jpg 650w, https:\/\/sollen-design.com\/wp-content\/uploads\/24-1300x1300.jpg 1300w\" sizes=\"(max-width: 1024px) 100vw, 1024px\" \/><figcaption class=\"wp-element-caption\">Quentin Bourlet, Co-g\u00e9rant de La Cr\u00e8merie<\/figcaption><\/figure>\n\n\n\n<figure class=\"wp-block-image size-large\"><img decoding=\"async\" width=\"1024\" height=\"1024\" data-id=\"16823\" src=\"https:\/\/sollen-design.com\/wp-content\/uploads\/25-1024x1024.jpg\" alt=\"\" class=\"wp-image-16823\" srcset=\"https:\/\/sollen-design.com\/wp-content\/uploads\/25-1024x1024.jpg 1024w, https:\/\/sollen-design.com\/wp-content\/uploads\/25-scaled-800x800.jpg 800w, https:\/\/sollen-design.com\/wp-content\/uploads\/25-scaled-200x200.jpg 200w, https:\/\/sollen-design.com\/wp-content\/uploads\/25-scaled-2000x2000.jpg 2000w, https:\/\/sollen-design.com\/wp-content\/uploads\/25-300x300.jpg 300w, https:\/\/sollen-design.com\/wp-content\/uploads\/25-150x150.jpg 150w, https:\/\/sollen-design.com\/wp-content\/uploads\/25-768x768.jpg 768w, https:\/\/sollen-design.com\/wp-content\/uploads\/25-1536x1536.jpg 1536w, https:\/\/sollen-design.com\/wp-content\/uploads\/25-2048x2048.jpg 2048w, https:\/\/sollen-design.com\/wp-content\/uploads\/25-650x650.jpg 650w, https:\/\/sollen-design.com\/wp-content\/uploads\/25-1300x1300.jpg 1300w\" sizes=\"(max-width: 1024px) 100vw, 1024px\" \/><figcaption class=\"wp-element-caption\">Projet Brunch Kama<\/figcaption><\/figure>\n\n\n\n<figure class=\"wp-block-image size-large\"><img loading=\"lazy\" decoding=\"async\" width=\"1024\" height=\"1024\" data-id=\"16819\" src=\"https:\/\/sollen-design.com\/wp-content\/uploads\/26-1024x1024.jpg\" alt=\"\" class=\"wp-image-16819\" srcset=\"https:\/\/sollen-design.com\/wp-content\/uploads\/26-1024x1024.jpg 1024w, https:\/\/sollen-design.com\/wp-content\/uploads\/26-scaled-800x800.jpg 800w, https:\/\/sollen-design.com\/wp-content\/uploads\/26-scaled-200x200.jpg 200w, https:\/\/sollen-design.com\/wp-content\/uploads\/26-scaled-2000x2000.jpg 2000w, https:\/\/sollen-design.com\/wp-content\/uploads\/26-300x300.jpg 300w, https:\/\/sollen-design.com\/wp-content\/uploads\/26-150x150.jpg 150w, https:\/\/sollen-design.com\/wp-content\/uploads\/26-768x768.jpg 768w, https:\/\/sollen-design.com\/wp-content\/uploads\/26-1536x1536.jpg 1536w, https:\/\/sollen-design.com\/wp-content\/uploads\/26-2048x2048.jpg 2048w, https:\/\/sollen-design.com\/wp-content\/uploads\/26-650x650.jpg 650w, https:\/\/sollen-design.com\/wp-content\/uploads\/26-1300x1300.jpg 1300w\" sizes=\"(max-width: 1024px) 100vw, 1024px\" \/><figcaption class=\"wp-element-caption\">Projet particulier, r\u00e9novation appartement Caud\u00e9ran<\/figcaption><\/figure>\n<\/figure>\n\n\n\n<figure class=\"wp-block-pullquote\" style=\"font-style:normal;font-weight:500\"><blockquote><p><em>\u201cLa Cr\u00e8merie, c\u2019est un m\u00e9lange de valeurs durables et locales associ\u00e9es \u00e0 une expertise pluridisciplinaire! Tr\u00eave de plaisanterie, derri\u00e8re ce nom qui interpelle, c\u2019est l\u2019\u00e9mulsion d\u2019une \u00e9quipe de 10 personnes cr\u00e9atives, surmotiv\u00e9es et passionn\u00e9es.\u201d<\/em><\/p><cite><em><strong>Quentin Bourlet, Co-g\u00e9rant de La Cr\u00e8merie<\/strong><\/em><\/cite><\/blockquote><\/figure>\n\n\n\n<p style=\"font-style:normal;font-weight:500\">Gr\u00e2ce \u00e0 un <strong>savoir-faire local<\/strong>, des <strong>valeurs durables<\/strong> et un <strong>v\u00e9ritable art de vivre \u00e0 la fran\u00e7aise,<\/strong> <em><strong>SOLLEN x La Cr\u00e8merie<\/strong><\/em> c\u2019est une <strong>exp\u00e9rience<\/strong> o\u00f9 <strong>architecture, design et innovation<\/strong> se rejoignent pour <strong>vous faire vivre un moment exceptionnel<\/strong>.<\/p>\n\n\n\n<div style=\"height:118px\" aria-hidden=\"true\" class=\"wp-block-spacer\"><\/div>\n\n\n\n<h2 class=\"wp-block-heading\">Une exp\u00e9rience IMMERSIVE et UNIQUE<\/h2>\n\n\n\n<p style=\"font-style:normal;font-weight:500\">A <strong>travers un casque en r\u00e9alit\u00e9 virtuelle, La cr\u00e8merie invitera les visiteurs \u00e0 plonger au c\u0153ur d&rsquo;espaces int\u00e9rieurs virtuels, mettant en sc\u00e8ne les <a href=\"https:\/\/sollen-design.com\/collections\/\">mobiliers SOLLEN.<\/a><\/strong><\/p>\n\n\n\n<p>Une exp\u00e9rience unique \u00e0 vivre dans un lieu embl\u00e9matique de Paris, <a href=\"https:\/\/galeriejoseph.com\/en\/\">La Galerie Joseph<\/a>.<\/p>\n\n\n\n<p><\/p>\n\n\n\n<figure class=\"wp-block-image size-large is-resized\"><a href=\"www.sollen-design.com\"><img loading=\"lazy\" decoding=\"async\" src=\"https:\/\/sollen-design.com\/wp-content\/uploads\/SOLLEN-PDW-2023-1024x512.jpg\" alt=\"\" class=\"wp-image-16828\" width=\"840\" height=\"420\" srcset=\"https:\/\/sollen-design.com\/wp-content\/uploads\/SOLLEN-PDW-2023-1024x512.jpg 1024w, https:\/\/sollen-design.com\/wp-content\/uploads\/SOLLEN-PDW-2023-scaled-800x400.jpg 800w, https:\/\/sollen-design.com\/wp-content\/uploads\/SOLLEN-PDW-2023-scaled-200x100.jpg 200w, https:\/\/sollen-design.com\/wp-content\/uploads\/SOLLEN-PDW-2023-scaled-2000x1000.jpg 2000w, https:\/\/sollen-design.com\/wp-content\/uploads\/SOLLEN-PDW-2023-300x150.jpg 300w, https:\/\/sollen-design.com\/wp-content\/uploads\/SOLLEN-PDW-2023-768x384.jpg 768w, https:\/\/sollen-design.com\/wp-content\/uploads\/SOLLEN-PDW-2023-1536x768.jpg 1536w, https:\/\/sollen-design.com\/wp-content\/uploads\/SOLLEN-PDW-2023-2048x1024.jpg 2048w, https:\/\/sollen-design.com\/wp-content\/uploads\/SOLLEN-PDW-2023-1300x650.jpg 1300w\" sizes=\"(max-width: 840px) 100vw, 840px\" \/><\/a><\/figure>\n\n\n\n<div style=\"height:23px\" aria-hidden=\"true\" class=\"wp-block-spacer\"><\/div>\n\n\n\n<p style=\"font-style:normal;font-weight:500\">Nous vous donnons alors rendez-vous, du <strong>7 au 11 septembre, \u00e0 la <a href=\"https:\/\/www.maison-objet.com\/paris-design-week\">Paris Design Week<\/a><\/strong>, le rendez-vous incontournable des <strong>passionn\u00e9s de design<\/strong>. Cette ann\u00e9e, <strong>SOLLEN et La Cr\u00e8merie<\/strong> vous offrent <strong>une exp\u00e9rience unique et immersive<\/strong> au sein de la <strong>Galerie Joseph<\/strong>. <strong>Plongez dans notre univers et d\u00e9couvrez le fauteuil NUAGE sous un nouveau jour.<\/strong><\/p>\n\n\n\n<p style=\"font-style:normal;font-weight:600\"><strong>Nous avons h\u00e2te de partager cette exp\u00e9rience exceptionnelle avec vous !<\/strong><\/p>\n\n\n\n<div style=\"height:25px\" aria-hidden=\"true\" class=\"wp-block-spacer\"><\/div>\n\n\n\n<blockquote class=\"wp-block-quote is-layout-flow wp-block-quote-is-layout-flow\">\n<p style=\"font-style:normal;font-weight:600\">Rappel <\/p>\n\n\n\n<ul class=\"wp-block-list\">\n<li>Paris Design Week<\/li>\n\n\n\n<li>Galerie Joseph &#8211; 116 Rue de Turenne, 75003 Paris \u00cele-de-France &#8211; France<\/li>\n\n\n\n<li>7\/09 &gt; 11\/09 : 11h &#8211; 19h<\/li>\n\n\n\n<li>Entr\u00e9e Libre &#8211; Tous publics<\/li>\n<\/ul>\n<\/blockquote>\n","protected":false},"excerpt":{"rendered":"<p>La Paris Design Week est sur le point de commencer, et cette ann\u00e9e, c&rsquo;est avec une collaboration exceptionnelle que SOLLEN se pr\u00e9sentera \u00e0 la Galerie Joseph. Du 7 au 11 septembre, venez d\u00e9couvrir notre partenariat exclusif avec La Cr\u00e8merie, agence bordelaise qui accompagne les particuliers et les professionnels dans leurs projets d\u2019architecture et d\u2019ameublement d\u2019int\u00e9rieur. [&hellip;]<\/p>\n","protected":false},"author":1,"featured_media":16806,"comment_status":"open","ping_status":"open","sticky":false,"template":"","format":"standard","meta":{"footnotes":""},"categories":[90],"tags":[],"class_list":["post-16761","post","type-post","status-publish","format-standard","has-post-thumbnail","hentry","category-actualites"],"yoast_head":"<!-- This site is optimized with the Yoast SEO plugin v27.4 - https:\/\/yoast.com\/product\/yoast-seo-wordpress\/ -->\n<title>SOLLEN et La Cr\u00e8merie, le rendez-vous du design \u00e0 la Paris Design Week 2023 - SOLLEN<\/title>\n<meta name=\"description\" content=\"Paris Design Week 2023 : SOLLEN et La Cr\u00e8merie, une exp\u00e9rience immersive \u00e0 la Galerie Joseph. Rejoignez nous du 7 au 11 septembre 2023.\" \/>\n<meta name=\"robots\" content=\"index, follow, max-snippet:-1, max-image-preview:large, max-video-preview:-1\" \/>\n<link rel=\"canonical\" href=\"https:\/\/sollen-design.com\/fr\/sollen-et-la-cremerie-le-rendez-vous-du-design-a-la-paris-design-week-2023\/\" \/>\n<meta property=\"og:locale\" content=\"fr_FR\" \/>\n<meta property=\"og:type\" content=\"article\" \/>\n<meta property=\"og:title\" content=\"SOLLEN et La Cr\u00e8merie, le rendez-vous du design \u00e0 la Paris Design Week 2023 - SOLLEN\" \/>\n<meta property=\"og:description\" content=\"Paris Design Week 2023 : SOLLEN et La Cr\u00e8merie, une exp\u00e9rience immersive \u00e0 la Galerie Joseph. Rejoignez nous du 7 au 11 septembre 2023.\" \/>\n<meta property=\"og:url\" content=\"https:\/\/sollen-design.com\/fr\/sollen-et-la-cremerie-le-rendez-vous-du-design-a-la-paris-design-week-2023\/\" \/>\n<meta property=\"og:site_name\" content=\"SOLLEN\" \/>\n<meta property=\"article:publisher\" content=\"https:\/\/www.facebook.com\/sollendesign\/\" \/>\n<meta property=\"article:published_time\" content=\"2023-08-31T08:00:00+00:00\" \/>\n<meta property=\"og:image\" content=\"https:\/\/sollen-design.com\/wp-content\/uploads\/Couverture_Article_Blog_Cremerie.jpg\" \/>\n\t<meta property=\"og:image:width\" content=\"1812\" \/>\n\t<meta property=\"og:image:height\" content=\"2500\" \/>\n\t<meta property=\"og:image:type\" content=\"image\/jpeg\" \/>\n<meta name=\"author\" content=\"Aurelien Hivonnet\" \/>\n<meta name=\"twitter:card\" content=\"summary_large_image\" \/>\n<meta name=\"twitter:label1\" content=\"\u00c9crit par\" \/>\n\t<meta name=\"twitter:data1\" content=\"Aurelien Hivonnet\" \/>\n\t<meta name=\"twitter:label2\" content=\"Dur\u00e9e de lecture estim\u00e9e\" \/>\n\t<meta name=\"twitter:data2\" content=\"3 minutes\" \/>\n<script type=\"application\/ld+json\" class=\"yoast-schema-graph\">{\"@context\":\"https:\\\/\\\/schema.org\",\"@graph\":[{\"@type\":\"Article\",\"@id\":\"https:\\\/\\\/sollen-design.com\\\/fr\\\/sollen-et-la-cremerie-le-rendez-vous-du-design-a-la-paris-design-week-2023\\\/#article\",\"isPartOf\":{\"@id\":\"https:\\\/\\\/sollen-design.com\\\/fr\\\/sollen-et-la-cremerie-le-rendez-vous-du-design-a-la-paris-design-week-2023\\\/\"},\"author\":{\"name\":\"Aurelien Hivonnet\",\"@id\":\"https:\\\/\\\/sollen-design.com\\\/fr\\\/#\\\/schema\\\/person\\\/a65032548361003f95afa74232dc643a\"},\"headline\":\"SOLLEN et La Cr\u00e8merie, le rendez-vous du design \u00e0 la Paris Design Week 2023\",\"datePublished\":\"2023-08-31T08:00:00+00:00\",\"mainEntityOfPage\":{\"@id\":\"https:\\\/\\\/sollen-design.com\\\/fr\\\/sollen-et-la-cremerie-le-rendez-vous-du-design-a-la-paris-design-week-2023\\\/\"},\"wordCount\":473,\"commentCount\":0,\"publisher\":{\"@id\":\"https:\\\/\\\/sollen-design.com\\\/fr\\\/#organization\"},\"image\":{\"@id\":\"https:\\\/\\\/sollen-design.com\\\/fr\\\/sollen-et-la-cremerie-le-rendez-vous-du-design-a-la-paris-design-week-2023\\\/#primaryimage\"},\"thumbnailUrl\":\"https:\\\/\\\/sollen-design.com\\\/wp-content\\\/uploads\\\/Couverture_Article_Blog_Cremerie.jpg\",\"articleSection\":[\"Actualit\u00e9s\"],\"inLanguage\":\"fr-FR\",\"potentialAction\":[{\"@type\":\"CommentAction\",\"name\":\"Comment\",\"target\":[\"https:\\\/\\\/sollen-design.com\\\/fr\\\/sollen-et-la-cremerie-le-rendez-vous-du-design-a-la-paris-design-week-2023\\\/#respond\"]}]},{\"@type\":\"WebPage\",\"@id\":\"https:\\\/\\\/sollen-design.com\\\/fr\\\/sollen-et-la-cremerie-le-rendez-vous-du-design-a-la-paris-design-week-2023\\\/\",\"url\":\"https:\\\/\\\/sollen-design.com\\\/fr\\\/sollen-et-la-cremerie-le-rendez-vous-du-design-a-la-paris-design-week-2023\\\/\",\"name\":\"SOLLEN et La Cr\u00e8merie, le rendez-vous du design \u00e0 la Paris Design Week 2023 - SOLLEN\",\"isPartOf\":{\"@id\":\"https:\\\/\\\/sollen-design.com\\\/fr\\\/#website\"},\"primaryImageOfPage\":{\"@id\":\"https:\\\/\\\/sollen-design.com\\\/fr\\\/sollen-et-la-cremerie-le-rendez-vous-du-design-a-la-paris-design-week-2023\\\/#primaryimage\"},\"image\":{\"@id\":\"https:\\\/\\\/sollen-design.com\\\/fr\\\/sollen-et-la-cremerie-le-rendez-vous-du-design-a-la-paris-design-week-2023\\\/#primaryimage\"},\"thumbnailUrl\":\"https:\\\/\\\/sollen-design.com\\\/wp-content\\\/uploads\\\/Couverture_Article_Blog_Cremerie.jpg\",\"datePublished\":\"2023-08-31T08:00:00+00:00\",\"description\":\"Paris Design Week 2023 : SOLLEN et La Cr\u00e8merie, une exp\u00e9rience immersive \u00e0 la Galerie Joseph. Rejoignez nous du 7 au 11 septembre 2023.\",\"breadcrumb\":{\"@id\":\"https:\\\/\\\/sollen-design.com\\\/fr\\\/sollen-et-la-cremerie-le-rendez-vous-du-design-a-la-paris-design-week-2023\\\/#breadcrumb\"},\"inLanguage\":\"fr-FR\",\"potentialAction\":[{\"@type\":\"ReadAction\",\"target\":[\"https:\\\/\\\/sollen-design.com\\\/fr\\\/sollen-et-la-cremerie-le-rendez-vous-du-design-a-la-paris-design-week-2023\\\/\"]}]},{\"@type\":\"ImageObject\",\"inLanguage\":\"fr-FR\",\"@id\":\"https:\\\/\\\/sollen-design.com\\\/fr\\\/sollen-et-la-cremerie-le-rendez-vous-du-design-a-la-paris-design-week-2023\\\/#primaryimage\",\"url\":\"https:\\\/\\\/sollen-design.com\\\/wp-content\\\/uploads\\\/Couverture_Article_Blog_Cremerie.jpg\",\"contentUrl\":\"https:\\\/\\\/sollen-design.com\\\/wp-content\\\/uploads\\\/Couverture_Article_Blog_Cremerie.jpg\",\"width\":1812,\"height\":2500},{\"@type\":\"BreadcrumbList\",\"@id\":\"https:\\\/\\\/sollen-design.com\\\/fr\\\/sollen-et-la-cremerie-le-rendez-vous-du-design-a-la-paris-design-week-2023\\\/#breadcrumb\",\"itemListElement\":[{\"@type\":\"ListItem\",\"position\":1,\"name\":\"Accueil\",\"item\":\"https:\\\/\\\/sollen-design.com\\\/fr\\\/\"},{\"@type\":\"ListItem\",\"position\":2,\"name\":\"SOLLEN et La Cr\u00e8merie, le rendez-vous du design \u00e0 la Paris Design Week 2023\"}]},{\"@type\":\"WebSite\",\"@id\":\"https:\\\/\\\/sollen-design.com\\\/fr\\\/#website\",\"url\":\"https:\\\/\\\/sollen-design.com\\\/fr\\\/\",\"name\":\"SOLLEN\",\"description\":\"Maison d&#039;\u00e9dition de mobilier design\",\"publisher\":{\"@id\":\"https:\\\/\\\/sollen-design.com\\\/fr\\\/#organization\"},\"potentialAction\":[{\"@type\":\"SearchAction\",\"target\":{\"@type\":\"EntryPoint\",\"urlTemplate\":\"https:\\\/\\\/sollen-design.com\\\/fr\\\/?s={search_term_string}\"},\"query-input\":{\"@type\":\"PropertyValueSpecification\",\"valueRequired\":true,\"valueName\":\"search_term_string\"}}],\"inLanguage\":\"fr-FR\"},{\"@type\":\"Organization\",\"@id\":\"https:\\\/\\\/sollen-design.com\\\/fr\\\/#organization\",\"name\":\"SOLLEN\",\"url\":\"https:\\\/\\\/sollen-design.com\\\/fr\\\/\",\"logo\":{\"@type\":\"ImageObject\",\"inLanguage\":\"fr-FR\",\"@id\":\"https:\\\/\\\/sollen-design.com\\\/fr\\\/#\\\/schema\\\/logo\\\/image\\\/\",\"url\":\"https:\\\/\\\/sollen-design.com\\\/wp-content\\\/uploads\\\/2021\\\/10\\\/LOGO_RVB_NOIR_130px.png\",\"contentUrl\":\"https:\\\/\\\/sollen-design.com\\\/wp-content\\\/uploads\\\/2021\\\/10\\\/LOGO_RVB_NOIR_130px.png\",\"width\":130,\"height\":39,\"caption\":\"SOLLEN\"},\"image\":{\"@id\":\"https:\\\/\\\/sollen-design.com\\\/fr\\\/#\\\/schema\\\/logo\\\/image\\\/\"},\"sameAs\":[\"https:\\\/\\\/www.facebook.com\\\/sollendesign\\\/\",\"https:\\\/\\\/www.instagram.com\\\/sollendesign\\\/\",\"https:\\\/\\\/www.linkedin.com\\\/company\\\/sollendesign\\\/\",\"https:\\\/\\\/www.pinterest.fr\\\/sollendesign\\\/\"]},{\"@type\":\"Person\",\"@id\":\"https:\\\/\\\/sollen-design.com\\\/fr\\\/#\\\/schema\\\/person\\\/a65032548361003f95afa74232dc643a\",\"name\":\"Aurelien Hivonnet\",\"image\":{\"@type\":\"ImageObject\",\"inLanguage\":\"fr-FR\",\"@id\":\"https:\\\/\\\/secure.gravatar.com\\\/avatar\\\/ee94dd6ee1b935fcd65dd6e74578bbff055e499aaed1103cea1588637d509714?s=96&d=mm&r=g\",\"url\":\"https:\\\/\\\/secure.gravatar.com\\\/avatar\\\/ee94dd6ee1b935fcd65dd6e74578bbff055e499aaed1103cea1588637d509714?s=96&d=mm&r=g\",\"contentUrl\":\"https:\\\/\\\/secure.gravatar.com\\\/avatar\\\/ee94dd6ee1b935fcd65dd6e74578bbff055e499aaed1103cea1588637d509714?s=96&d=mm&r=g\",\"caption\":\"Aurelien Hivonnet\"},\"sameAs\":[\"https:\\\/\\\/sollen-design.com\"]}]}<\/script>\n<!-- \/ Yoast SEO plugin. -->","yoast_head_json":{"title":"SOLLEN et La Cr\u00e8merie, le rendez-vous du design \u00e0 la Paris Design Week 2023 - SOLLEN","description":"Paris Design Week 2023 : SOLLEN et La Cr\u00e8merie, une exp\u00e9rience immersive \u00e0 la Galerie Joseph. Rejoignez nous du 7 au 11 septembre 2023.","robots":{"index":"index","follow":"follow","max-snippet":"max-snippet:-1","max-image-preview":"max-image-preview:large","max-video-preview":"max-video-preview:-1"},"canonical":"https:\/\/sollen-design.com\/fr\/sollen-et-la-cremerie-le-rendez-vous-du-design-a-la-paris-design-week-2023\/","og_locale":"fr_FR","og_type":"article","og_title":"SOLLEN et La Cr\u00e8merie, le rendez-vous du design \u00e0 la Paris Design Week 2023 - SOLLEN","og_description":"Paris Design Week 2023 : SOLLEN et La Cr\u00e8merie, une exp\u00e9rience immersive \u00e0 la Galerie Joseph. Rejoignez nous du 7 au 11 septembre 2023.","og_url":"https:\/\/sollen-design.com\/fr\/sollen-et-la-cremerie-le-rendez-vous-du-design-a-la-paris-design-week-2023\/","og_site_name":"SOLLEN","article_publisher":"https:\/\/www.facebook.com\/sollendesign\/","article_published_time":"2023-08-31T08:00:00+00:00","og_image":[{"width":1812,"height":2500,"url":"https:\/\/sollen-design.com\/wp-content\/uploads\/Couverture_Article_Blog_Cremerie.jpg","type":"image\/jpeg"}],"author":"Aurelien Hivonnet","twitter_card":"summary_large_image","twitter_misc":{"\u00c9crit par":"Aurelien Hivonnet","Dur\u00e9e de lecture estim\u00e9e":"3 minutes"},"schema":{"@context":"https:\/\/schema.org","@graph":[{"@type":"Article","@id":"https:\/\/sollen-design.com\/fr\/sollen-et-la-cremerie-le-rendez-vous-du-design-a-la-paris-design-week-2023\/#article","isPartOf":{"@id":"https:\/\/sollen-design.com\/fr\/sollen-et-la-cremerie-le-rendez-vous-du-design-a-la-paris-design-week-2023\/"},"author":{"name":"Aurelien Hivonnet","@id":"https:\/\/sollen-design.com\/fr\/#\/schema\/person\/a65032548361003f95afa74232dc643a"},"headline":"SOLLEN et La Cr\u00e8merie, le rendez-vous du design \u00e0 la Paris Design Week 2023","datePublished":"2023-08-31T08:00:00+00:00","mainEntityOfPage":{"@id":"https:\/\/sollen-design.com\/fr\/sollen-et-la-cremerie-le-rendez-vous-du-design-a-la-paris-design-week-2023\/"},"wordCount":473,"commentCount":0,"publisher":{"@id":"https:\/\/sollen-design.com\/fr\/#organization"},"image":{"@id":"https:\/\/sollen-design.com\/fr\/sollen-et-la-cremerie-le-rendez-vous-du-design-a-la-paris-design-week-2023\/#primaryimage"},"thumbnailUrl":"https:\/\/sollen-design.com\/wp-content\/uploads\/Couverture_Article_Blog_Cremerie.jpg","articleSection":["Actualit\u00e9s"],"inLanguage":"fr-FR","potentialAction":[{"@type":"CommentAction","name":"Comment","target":["https:\/\/sollen-design.com\/fr\/sollen-et-la-cremerie-le-rendez-vous-du-design-a-la-paris-design-week-2023\/#respond"]}]},{"@type":"WebPage","@id":"https:\/\/sollen-design.com\/fr\/sollen-et-la-cremerie-le-rendez-vous-du-design-a-la-paris-design-week-2023\/","url":"https:\/\/sollen-design.com\/fr\/sollen-et-la-cremerie-le-rendez-vous-du-design-a-la-paris-design-week-2023\/","name":"SOLLEN et La Cr\u00e8merie, le rendez-vous du design \u00e0 la Paris Design Week 2023 - SOLLEN","isPartOf":{"@id":"https:\/\/sollen-design.com\/fr\/#website"},"primaryImageOfPage":{"@id":"https:\/\/sollen-design.com\/fr\/sollen-et-la-cremerie-le-rendez-vous-du-design-a-la-paris-design-week-2023\/#primaryimage"},"image":{"@id":"https:\/\/sollen-design.com\/fr\/sollen-et-la-cremerie-le-rendez-vous-du-design-a-la-paris-design-week-2023\/#primaryimage"},"thumbnailUrl":"https:\/\/sollen-design.com\/wp-content\/uploads\/Couverture_Article_Blog_Cremerie.jpg","datePublished":"2023-08-31T08:00:00+00:00","description":"Paris Design Week 2023 : SOLLEN et La Cr\u00e8merie, une exp\u00e9rience immersive \u00e0 la Galerie Joseph. Rejoignez nous du 7 au 11 septembre 2023.","breadcrumb":{"@id":"https:\/\/sollen-design.com\/fr\/sollen-et-la-cremerie-le-rendez-vous-du-design-a-la-paris-design-week-2023\/#breadcrumb"},"inLanguage":"fr-FR","potentialAction":[{"@type":"ReadAction","target":["https:\/\/sollen-design.com\/fr\/sollen-et-la-cremerie-le-rendez-vous-du-design-a-la-paris-design-week-2023\/"]}]},{"@type":"ImageObject","inLanguage":"fr-FR","@id":"https:\/\/sollen-design.com\/fr\/sollen-et-la-cremerie-le-rendez-vous-du-design-a-la-paris-design-week-2023\/#primaryimage","url":"https:\/\/sollen-design.com\/wp-content\/uploads\/Couverture_Article_Blog_Cremerie.jpg","contentUrl":"https:\/\/sollen-design.com\/wp-content\/uploads\/Couverture_Article_Blog_Cremerie.jpg","width":1812,"height":2500},{"@type":"BreadcrumbList","@id":"https:\/\/sollen-design.com\/fr\/sollen-et-la-cremerie-le-rendez-vous-du-design-a-la-paris-design-week-2023\/#breadcrumb","itemListElement":[{"@type":"ListItem","position":1,"name":"Accueil","item":"https:\/\/sollen-design.com\/fr\/"},{"@type":"ListItem","position":2,"name":"SOLLEN et La Cr\u00e8merie, le rendez-vous du design \u00e0 la Paris Design Week 2023"}]},{"@type":"WebSite","@id":"https:\/\/sollen-design.com\/fr\/#website","url":"https:\/\/sollen-design.com\/fr\/","name":"SOLLEN","description":"Maison d&#039;\u00e9dition de mobilier design","publisher":{"@id":"https:\/\/sollen-design.com\/fr\/#organization"},"potentialAction":[{"@type":"SearchAction","target":{"@type":"EntryPoint","urlTemplate":"https:\/\/sollen-design.com\/fr\/?s={search_term_string}"},"query-input":{"@type":"PropertyValueSpecification","valueRequired":true,"valueName":"search_term_string"}}],"inLanguage":"fr-FR"},{"@type":"Organization","@id":"https:\/\/sollen-design.com\/fr\/#organization","name":"SOLLEN","url":"https:\/\/sollen-design.com\/fr\/","logo":{"@type":"ImageObject","inLanguage":"fr-FR","@id":"https:\/\/sollen-design.com\/fr\/#\/schema\/logo\/image\/","url":"https:\/\/sollen-design.com\/wp-content\/uploads\/2021\/10\/LOGO_RVB_NOIR_130px.png","contentUrl":"https:\/\/sollen-design.com\/wp-content\/uploads\/2021\/10\/LOGO_RVB_NOIR_130px.png","width":130,"height":39,"caption":"SOLLEN"},"image":{"@id":"https:\/\/sollen-design.com\/fr\/#\/schema\/logo\/image\/"},"sameAs":["https:\/\/www.facebook.com\/sollendesign\/","https:\/\/www.instagram.com\/sollendesign\/","https:\/\/www.linkedin.com\/company\/sollendesign\/","https:\/\/www.pinterest.fr\/sollendesign\/"]},{"@type":"Person","@id":"https:\/\/sollen-design.com\/fr\/#\/schema\/person\/a65032548361003f95afa74232dc643a","name":"Aurelien Hivonnet","image":{"@type":"ImageObject","inLanguage":"fr-FR","@id":"https:\/\/secure.gravatar.com\/avatar\/ee94dd6ee1b935fcd65dd6e74578bbff055e499aaed1103cea1588637d509714?s=96&d=mm&r=g","url":"https:\/\/secure.gravatar.com\/avatar\/ee94dd6ee1b935fcd65dd6e74578bbff055e499aaed1103cea1588637d509714?s=96&d=mm&r=g","contentUrl":"https:\/\/secure.gravatar.com\/avatar\/ee94dd6ee1b935fcd65dd6e74578bbff055e499aaed1103cea1588637d509714?s=96&d=mm&r=g","caption":"Aurelien Hivonnet"},"sameAs":["https:\/\/sollen-design.com"]}]}},"_links":{"self":[{"href":"https:\/\/sollen-design.com\/fr\/wp-json\/wp\/v2\/posts\/16761","targetHints":{"allow":["GET"]}}],"collection":[{"href":"https:\/\/sollen-design.com\/fr\/wp-json\/wp\/v2\/posts"}],"about":[{"href":"https:\/\/sollen-design.com\/fr\/wp-json\/wp\/v2\/types\/post"}],"author":[{"embeddable":true,"href":"https:\/\/sollen-design.com\/fr\/wp-json\/wp\/v2\/users\/1"}],"replies":[{"embeddable":true,"href":"https:\/\/sollen-design.com\/fr\/wp-json\/wp\/v2\/comments?post=16761"}],"version-history":[{"count":0,"href":"https:\/\/sollen-design.com\/fr\/wp-json\/wp\/v2\/posts\/16761\/revisions"}],"wp:featuredmedia":[{"embeddable":true,"href":"https:\/\/sollen-design.com\/fr\/wp-json\/wp\/v2\/media\/16806"}],"wp:attachment":[{"href":"https:\/\/sollen-design.com\/fr\/wp-json\/wp\/v2\/media?parent=16761"}],"wp:term":[{"taxonomy":"category","embeddable":true,"href":"https:\/\/sollen-design.com\/fr\/wp-json\/wp\/v2\/categories?post=16761"},{"taxonomy":"post_tag","embeddable":true,"href":"https:\/\/sollen-design.com\/fr\/wp-json\/wp\/v2\/tags?post=16761"}],"curies":[{"name":"wp","href":"https:\/\/api.w.org\/{rel}","templated":true}]}}