{"id":16430,"date":"2023-03-31T11:30:49","date_gmt":"2023-03-31T09:30:49","guid":{"rendered":"https:\/\/sollen-design.com\/?p=16430"},"modified":"2023-03-31T12:04:35","modified_gmt":"2023-03-31T10:04:35","slug":"sollen-a-milan-pour-la-design-week","status":"publish","type":"post","link":"https:\/\/sollen-design.com\/fr\/sollen-a-milan-pour-la-design-week\/","title":{"rendered":"SOLLEN \u00c0 MILAN POUR LA DESIGN WEEK !"},"content":{"rendered":"\n<p style=\"font-style:italic;font-weight:500\"><em>Pour cette premi\u00e8re participation \u00e0 la Milan Design Week, point de r\u00e9f\u00e9rence international pour le  secteur de l\u2019ameublement et du design, <strong>SOLLEN pr\u00e9sente son savoir-faire fran\u00e7ais au sein du projet LAB\u00d2<\/strong> <strong>qui met \u00e0 l\u2019honneur, \u00e0 la Fondation Rodolfo Ferrari, des entreprises fran\u00e7aises et internationales innovantes<\/strong> telles que Mati\u00e8re Grise, Marion Vidal, Veronese, Samuel Accoceberry Studio ou encore Carbone14.<\/em><\/p>\n\n\n\n<figure class=\"wp-block-image size-large\"><img fetchpriority=\"high\" decoding=\"async\" width=\"1024\" height=\"1024\" src=\"https:\/\/sollen-design.com\/wp-content\/uploads\/SAVETHEDATE_LABO_MILANO-1-1024x1024.jpg\" alt=\"\" class=\"wp-image-16438\" srcset=\"https:\/\/sollen-design.com\/wp-content\/uploads\/SAVETHEDATE_LABO_MILANO-1-1024x1024.jpg 1024w, https:\/\/sollen-design.com\/wp-content\/uploads\/SAVETHEDATE_LABO_MILANO-1-scaled-800x800.jpg 800w, https:\/\/sollen-design.com\/wp-content\/uploads\/SAVETHEDATE_LABO_MILANO-1-scaled-200x200.jpg 200w, https:\/\/sollen-design.com\/wp-content\/uploads\/SAVETHEDATE_LABO_MILANO-1-scaled-2000x2000.jpg 2000w, https:\/\/sollen-design.com\/wp-content\/uploads\/SAVETHEDATE_LABO_MILANO-1-300x300.jpg 300w, https:\/\/sollen-design.com\/wp-content\/uploads\/SAVETHEDATE_LABO_MILANO-1-150x150.jpg 150w, https:\/\/sollen-design.com\/wp-content\/uploads\/SAVETHEDATE_LABO_MILANO-1-768x768.jpg 768w, https:\/\/sollen-design.com\/wp-content\/uploads\/SAVETHEDATE_LABO_MILANO-1-1536x1536.jpg 1536w, https:\/\/sollen-design.com\/wp-content\/uploads\/SAVETHEDATE_LABO_MILANO-1-2048x2048.jpg 2048w, https:\/\/sollen-design.com\/wp-content\/uploads\/SAVETHEDATE_LABO_MILANO-1-650x650.jpg 650w, https:\/\/sollen-design.com\/wp-content\/uploads\/SAVETHEDATE_LABO_MILANO-1-1300x1300.jpg 1300w\" sizes=\"(max-width: 1024px) 100vw, 1024px\" \/><\/figure>\n\n\n\n<div style=\"height:34px\" aria-hidden=\"true\" class=\"wp-block-spacer\"><\/div>\n\n\n\n<p style=\"font-style:normal;font-weight:400\">A l&rsquo;occasion de la<strong> 61\u00e8me \u00e9dition du Salone Del Mobile \u00e0 Milan<\/strong>, <strong>SOLLEN<\/strong> sera pr\u00e9sent au <strong>LAB\u00d2<\/strong>, du 17 au 20 avril. Ils y exposerons les collections <strong><a href=\"https:\/\/sollen-design.com\/categorie-produit\/les-nuages\/\">NUAGE<\/a><\/strong> et <strong><a href=\"https:\/\/sollen-design.com\/categorie-produit\/les-racines\/\">RACINE<\/a><\/strong> en mettant en avant<strong> leur savoir-faire fran\u00e7ais<\/strong> et leur <strong>engagement \u00e9co-responsable<\/strong>. Une d\u00e9marche qui s&rsquo;inscrit parfaitement dans les <strong>valeurs de la 61\u00e8me \u00e9dition du salon du Meuble<\/strong> de Milan, ax\u00e9e sur la <strong>responsabilit\u00e9 environnementale, \u00e9conomique et sociale<\/strong>.<\/p>\n\n\n\n<div style=\"height:38px\" aria-hidden=\"true\" class=\"wp-block-spacer\"><\/div>\n\n\n\n<p style=\"font-style:normal;font-weight:500\"><strong>LE LAB\u00d2, un nouveau p\u00f4le d\u00e9di\u00e9 au design et \u00e0 l\u2019art \u00e0 MILAN<\/strong><\/p>\n\n\n\n<figure class=\"wp-block-image alignleft is-resized\"><img decoding=\"async\" src=\"https:\/\/sollen-design.com\/wp-content\/uploads\/Le_French_Design_Milano-removebg-preview.png\" alt=\"L\u2019attribut alt de cette image est vide, son nom de fichier est Le_French_Design_Milano-removebg-preview.png.\" width=\"84\" height=\"84\"\/><\/figure>\n\n\n\n<p style=\"font-style:normal;font-weight:500\"><strong>LAB\u00d2<\/strong> est le nouveau projet culturel promu par la <strong>Fondation Rodolfo Ferrari<\/strong> au sein du complexe de la <strong>soci\u00e9t\u00e9 SPA &#8211; <em>Societ\u00e0 Prodotti Antibiotici.<\/em><\/strong> Ce lieu unique se pr\u00e9sente comme <strong>un laboratoire d\u2019expressions cr\u00e9atives<\/strong>, <strong>un d\u00e9veloppement de processus d\u2019exp\u00e9rimentation<\/strong> se traduisant dans les id\u00e9es, ou des concepts de produits ou d\u2019\u0153uvres d\u2019art.<\/p>\n\n\n\n<div style=\"height:47px\" aria-hidden=\"true\" class=\"wp-block-spacer\"><\/div>\n\n\n\n<p style=\"font-style:normal;font-weight:500\"><strong>SOLLEN vous donne rendez-vous \u00e0 Milan du 17 au 20 avril 2023 !<\/strong><\/p>\n\n\n\n<p style=\"font-style:normal;font-weight:500\">Rencontrez notre \u00e9quipe en prenant rendez-vous et recevez <strong style=\"font-style: italic;\">votre invitation personnelle<\/strong> : <\/p>\n\n\n\n<p><a href=\"https:\/\/calendly.com\/sollen\/labo-milano-2023?month=2023-04&amp;date=2023-04-20\">https:\/\/calendly.com\/sollen\/labo-milano-2023?month=2023-04&amp;date=2023-04-20<\/a><\/p>\n\n\n\n<div style=\"height:37px\" aria-hidden=\"true\" class=\"wp-block-spacer\"><\/div>\n\n\n\n<p style=\"font-style:italic;font-weight:400;text-decoration:none\">Pour plus de renseignements contactez nous : <\/p>\n\n\n\n<p style=\"font-style:italic;font-weight:400;text-decoration:none\"><em>france@sollen-design.com<\/em><\/p>\n\n\n\n<div style=\"height:37px\" aria-hidden=\"true\" class=\"wp-block-spacer\"><\/div>\n\n\n\n<p style=\"font-style:italic;font-weight:400\"><em>Plus d\u2019infos sur le projet LABO MILANO : <\/em><\/p>\n\n\n\n<p style=\"font-style:italic;font-weight:400\"><em><a href=\"https:\/\/laboculturalproject.com\/\" target=\"_blank\" rel=\"noreferrer noopener\">https:\/\/laboculturalproject.com<\/a><\/em><\/p>\n\n\n\n<div style=\"height:56px\" aria-hidden=\"true\" class=\"wp-block-spacer\"><\/div>\n\n\n\n<p style=\"font-style:normal;font-weight:500\"><strong>INFORMATIONS PRATIQUES<\/strong><\/p>\n\n\n\n<p style=\"font-style:normal;font-weight:500\"><strong>Adresse <\/strong>: <\/p>\n\n\n\n<p style=\"font-style:italic;font-weight:400\">Labo Cultural Project &#8211; Fondazione Rodolfo Ferrari, Via Biella 6, Milan<\/p>\n\n\n\n<p style=\"font-style:normal;font-weight:500\"><strong>Heures d\u2019ouverture :<\/strong><\/p>\n\n\n\n<p style=\"font-style:italic;font-weight:400\">Opening 16 avril Cocktail party | 17h00-19h30 (sur invitation uniquement)<\/p>\n\n\n\n<p style=\"font-style:italic;font-weight:400\">17-18-20 avril | 11h00-19h00<\/p>\n\n\n\n<p style=\"font-style:italic;font-weight:400\">19 avril | 11h00-21h00<\/p>\n","protected":false},"excerpt":{"rendered":"<p>Pour cette premi\u00e8re participation \u00e0 la Milan Design Week, point de r\u00e9f\u00e9rence international pour le secteur de l\u2019ameublement et du design, SOLLEN pr\u00e9sente son savoir-faire fran\u00e7ais au sein du projet LAB\u00d2 qui met \u00e0 l\u2019honneur, \u00e0 la Fondation Rodolfo Ferrari, des entreprises fran\u00e7aises et internationales innovantes telles que Mati\u00e8re Grise, Marion Vidal, Veronese, Samuel Accoceberry [&hellip;]<\/p>\n","protected":false},"author":1,"featured_media":16438,"comment_status":"open","ping_status":"open","sticky":true,"template":"","format":"standard","meta":{"footnotes":""},"categories":[90],"tags":[],"class_list":["post-16430","post","type-post","status-publish","format-standard","has-post-thumbnail","hentry","category-actualites"],"yoast_head":"<!-- This site is optimized with the Yoast SEO plugin v27.4 - https:\/\/yoast.com\/product\/yoast-seo-wordpress\/ -->\n<title>SOLLEN \u00c0 MILAN POUR LA DESIGN WEEK ! - SOLLEN<\/title>\n<meta name=\"robots\" content=\"index, follow, max-snippet:-1, max-image-preview:large, max-video-preview:-1\" \/>\n<link rel=\"canonical\" href=\"https:\/\/sollen-design.com\/fr\/sollen-a-milan-pour-la-design-week\/\" \/>\n<meta property=\"og:locale\" content=\"fr_FR\" \/>\n<meta property=\"og:type\" content=\"article\" \/>\n<meta property=\"og:title\" content=\"SOLLEN \u00c0 MILAN POUR LA DESIGN WEEK ! - SOLLEN\" \/>\n<meta property=\"og:description\" content=\"Pour cette premi\u00e8re participation \u00e0 la Milan Design Week, point de r\u00e9f\u00e9rence international pour le secteur de l\u2019ameublement et du design, SOLLEN pr\u00e9sente son savoir-faire fran\u00e7ais au sein du projet LAB\u00d2 qui met \u00e0 l\u2019honneur, \u00e0 la Fondation Rodolfo Ferrari, des entreprises fran\u00e7aises et internationales innovantes telles que Mati\u00e8re Grise, Marion Vidal, Veronese, Samuel Accoceberry [&hellip;]\" \/>\n<meta property=\"og:url\" content=\"https:\/\/sollen-design.com\/fr\/sollen-a-milan-pour-la-design-week\/\" \/>\n<meta property=\"og:site_name\" content=\"SOLLEN\" \/>\n<meta property=\"article:publisher\" content=\"https:\/\/www.facebook.com\/sollendesign\/\" \/>\n<meta property=\"article:published_time\" content=\"2023-03-31T09:30:49+00:00\" \/>\n<meta property=\"article:modified_time\" content=\"2023-03-31T10:04:35+00:00\" \/>\n<meta property=\"og:image\" content=\"https:\/\/sollen-design.com\/wp-content\/uploads\/SAVETHEDATE_LABO_MILANO-1-scaled.jpg\" \/>\n\t<meta property=\"og:image:width\" content=\"2560\" \/>\n\t<meta property=\"og:image:height\" content=\"2560\" \/>\n\t<meta property=\"og:image:type\" content=\"image\/jpeg\" \/>\n<meta name=\"author\" content=\"Aurelien Hivonnet\" \/>\n<meta name=\"twitter:card\" content=\"summary_large_image\" \/>\n<meta name=\"twitter:label1\" content=\"\u00c9crit par\" \/>\n\t<meta name=\"twitter:data1\" content=\"Aurelien Hivonnet\" \/>\n\t<meta name=\"twitter:label2\" content=\"Dur\u00e9e de lecture estim\u00e9e\" \/>\n\t<meta name=\"twitter:data2\" content=\"2 minutes\" \/>\n<script type=\"application\/ld+json\" class=\"yoast-schema-graph\">{\"@context\":\"https:\\\/\\\/schema.org\",\"@graph\":[{\"@type\":\"Article\",\"@id\":\"https:\\\/\\\/sollen-design.com\\\/fr\\\/sollen-a-milan-pour-la-design-week\\\/#article\",\"isPartOf\":{\"@id\":\"https:\\\/\\\/sollen-design.com\\\/fr\\\/sollen-a-milan-pour-la-design-week\\\/\"},\"author\":{\"name\":\"Aurelien Hivonnet\",\"@id\":\"https:\\\/\\\/sollen-design.com\\\/fr\\\/#\\\/schema\\\/person\\\/a65032548361003f95afa74232dc643a\"},\"headline\":\"SOLLEN \u00c0 MILAN POUR LA DESIGN WEEK !\",\"datePublished\":\"2023-03-31T09:30:49+00:00\",\"dateModified\":\"2023-03-31T10:04:35+00:00\",\"mainEntityOfPage\":{\"@id\":\"https:\\\/\\\/sollen-design.com\\\/fr\\\/sollen-a-milan-pour-la-design-week\\\/\"},\"wordCount\":303,\"commentCount\":0,\"publisher\":{\"@id\":\"https:\\\/\\\/sollen-design.com\\\/fr\\\/#organization\"},\"image\":{\"@id\":\"https:\\\/\\\/sollen-design.com\\\/fr\\\/sollen-a-milan-pour-la-design-week\\\/#primaryimage\"},\"thumbnailUrl\":\"https:\\\/\\\/sollen-design.com\\\/wp-content\\\/uploads\\\/SAVETHEDATE_LABO_MILANO-1-scaled.jpg\",\"articleSection\":[\"Actualit\u00e9s\"],\"inLanguage\":\"fr-FR\",\"potentialAction\":[{\"@type\":\"CommentAction\",\"name\":\"Comment\",\"target\":[\"https:\\\/\\\/sollen-design.com\\\/fr\\\/sollen-a-milan-pour-la-design-week\\\/#respond\"]}]},{\"@type\":\"WebPage\",\"@id\":\"https:\\\/\\\/sollen-design.com\\\/fr\\\/sollen-a-milan-pour-la-design-week\\\/\",\"url\":\"https:\\\/\\\/sollen-design.com\\\/fr\\\/sollen-a-milan-pour-la-design-week\\\/\",\"name\":\"SOLLEN \u00c0 MILAN POUR LA DESIGN WEEK ! - SOLLEN\",\"isPartOf\":{\"@id\":\"https:\\\/\\\/sollen-design.com\\\/fr\\\/#website\"},\"primaryImageOfPage\":{\"@id\":\"https:\\\/\\\/sollen-design.com\\\/fr\\\/sollen-a-milan-pour-la-design-week\\\/#primaryimage\"},\"image\":{\"@id\":\"https:\\\/\\\/sollen-design.com\\\/fr\\\/sollen-a-milan-pour-la-design-week\\\/#primaryimage\"},\"thumbnailUrl\":\"https:\\\/\\\/sollen-design.com\\\/wp-content\\\/uploads\\\/SAVETHEDATE_LABO_MILANO-1-scaled.jpg\",\"datePublished\":\"2023-03-31T09:30:49+00:00\",\"dateModified\":\"2023-03-31T10:04:35+00:00\",\"breadcrumb\":{\"@id\":\"https:\\\/\\\/sollen-design.com\\\/fr\\\/sollen-a-milan-pour-la-design-week\\\/#breadcrumb\"},\"inLanguage\":\"fr-FR\",\"potentialAction\":[{\"@type\":\"ReadAction\",\"target\":[\"https:\\\/\\\/sollen-design.com\\\/fr\\\/sollen-a-milan-pour-la-design-week\\\/\"]}]},{\"@type\":\"ImageObject\",\"inLanguage\":\"fr-FR\",\"@id\":\"https:\\\/\\\/sollen-design.com\\\/fr\\\/sollen-a-milan-pour-la-design-week\\\/#primaryimage\",\"url\":\"https:\\\/\\\/sollen-design.com\\\/wp-content\\\/uploads\\\/SAVETHEDATE_LABO_MILANO-1-scaled.jpg\",\"contentUrl\":\"https:\\\/\\\/sollen-design.com\\\/wp-content\\\/uploads\\\/SAVETHEDATE_LABO_MILANO-1-scaled.jpg\",\"width\":2560,\"height\":2560},{\"@type\":\"BreadcrumbList\",\"@id\":\"https:\\\/\\\/sollen-design.com\\\/fr\\\/sollen-a-milan-pour-la-design-week\\\/#breadcrumb\",\"itemListElement\":[{\"@type\":\"ListItem\",\"position\":1,\"name\":\"Accueil\",\"item\":\"https:\\\/\\\/sollen-design.com\\\/fr\\\/\"},{\"@type\":\"ListItem\",\"position\":2,\"name\":\"SOLLEN \u00c0 MILAN POUR LA DESIGN WEEK !\"}]},{\"@type\":\"WebSite\",\"@id\":\"https:\\\/\\\/sollen-design.com\\\/fr\\\/#website\",\"url\":\"https:\\\/\\\/sollen-design.com\\\/fr\\\/\",\"name\":\"SOLLEN\",\"description\":\"Maison d&#039;\u00e9dition de mobilier design\",\"publisher\":{\"@id\":\"https:\\\/\\\/sollen-design.com\\\/fr\\\/#organization\"},\"potentialAction\":[{\"@type\":\"SearchAction\",\"target\":{\"@type\":\"EntryPoint\",\"urlTemplate\":\"https:\\\/\\\/sollen-design.com\\\/fr\\\/?s={search_term_string}\"},\"query-input\":{\"@type\":\"PropertyValueSpecification\",\"valueRequired\":true,\"valueName\":\"search_term_string\"}}],\"inLanguage\":\"fr-FR\"},{\"@type\":\"Organization\",\"@id\":\"https:\\\/\\\/sollen-design.com\\\/fr\\\/#organization\",\"name\":\"SOLLEN\",\"url\":\"https:\\\/\\\/sollen-design.com\\\/fr\\\/\",\"logo\":{\"@type\":\"ImageObject\",\"inLanguage\":\"fr-FR\",\"@id\":\"https:\\\/\\\/sollen-design.com\\\/fr\\\/#\\\/schema\\\/logo\\\/image\\\/\",\"url\":\"https:\\\/\\\/sollen-design.com\\\/wp-content\\\/uploads\\\/2021\\\/10\\\/LOGO_RVB_NOIR_130px.png\",\"contentUrl\":\"https:\\\/\\\/sollen-design.com\\\/wp-content\\\/uploads\\\/2021\\\/10\\\/LOGO_RVB_NOIR_130px.png\",\"width\":130,\"height\":39,\"caption\":\"SOLLEN\"},\"image\":{\"@id\":\"https:\\\/\\\/sollen-design.com\\\/fr\\\/#\\\/schema\\\/logo\\\/image\\\/\"},\"sameAs\":[\"https:\\\/\\\/www.facebook.com\\\/sollendesign\\\/\",\"https:\\\/\\\/www.instagram.com\\\/sollendesign\\\/\",\"https:\\\/\\\/www.linkedin.com\\\/company\\\/sollendesign\\\/\",\"https:\\\/\\\/www.pinterest.fr\\\/sollendesign\\\/\"]},{\"@type\":\"Person\",\"@id\":\"https:\\\/\\\/sollen-design.com\\\/fr\\\/#\\\/schema\\\/person\\\/a65032548361003f95afa74232dc643a\",\"name\":\"Aurelien Hivonnet\",\"image\":{\"@type\":\"ImageObject\",\"inLanguage\":\"fr-FR\",\"@id\":\"https:\\\/\\\/secure.gravatar.com\\\/avatar\\\/ee94dd6ee1b935fcd65dd6e74578bbff055e499aaed1103cea1588637d509714?s=96&d=mm&r=g\",\"url\":\"https:\\\/\\\/secure.gravatar.com\\\/avatar\\\/ee94dd6ee1b935fcd65dd6e74578bbff055e499aaed1103cea1588637d509714?s=96&d=mm&r=g\",\"contentUrl\":\"https:\\\/\\\/secure.gravatar.com\\\/avatar\\\/ee94dd6ee1b935fcd65dd6e74578bbff055e499aaed1103cea1588637d509714?s=96&d=mm&r=g\",\"caption\":\"Aurelien Hivonnet\"},\"sameAs\":[\"https:\\\/\\\/sollen-design.com\"]}]}<\/script>\n<!-- \/ Yoast SEO plugin. -->","yoast_head_json":{"title":"SOLLEN \u00c0 MILAN POUR LA DESIGN WEEK ! - SOLLEN","robots":{"index":"index","follow":"follow","max-snippet":"max-snippet:-1","max-image-preview":"max-image-preview:large","max-video-preview":"max-video-preview:-1"},"canonical":"https:\/\/sollen-design.com\/fr\/sollen-a-milan-pour-la-design-week\/","og_locale":"fr_FR","og_type":"article","og_title":"SOLLEN \u00c0 MILAN POUR LA DESIGN WEEK ! - SOLLEN","og_description":"Pour cette premi\u00e8re participation \u00e0 la Milan Design Week, point de r\u00e9f\u00e9rence international pour le secteur de l\u2019ameublement et du design, SOLLEN pr\u00e9sente son savoir-faire fran\u00e7ais au sein du projet LAB\u00d2 qui met \u00e0 l\u2019honneur, \u00e0 la Fondation Rodolfo Ferrari, des entreprises fran\u00e7aises et internationales innovantes telles que Mati\u00e8re Grise, Marion Vidal, Veronese, Samuel Accoceberry [&hellip;]","og_url":"https:\/\/sollen-design.com\/fr\/sollen-a-milan-pour-la-design-week\/","og_site_name":"SOLLEN","article_publisher":"https:\/\/www.facebook.com\/sollendesign\/","article_published_time":"2023-03-31T09:30:49+00:00","article_modified_time":"2023-03-31T10:04:35+00:00","og_image":[{"width":2560,"height":2560,"url":"https:\/\/sollen-design.com\/wp-content\/uploads\/SAVETHEDATE_LABO_MILANO-1-scaled.jpg","type":"image\/jpeg"}],"author":"Aurelien Hivonnet","twitter_card":"summary_large_image","twitter_misc":{"\u00c9crit par":"Aurelien Hivonnet","Dur\u00e9e de lecture estim\u00e9e":"2 minutes"},"schema":{"@context":"https:\/\/schema.org","@graph":[{"@type":"Article","@id":"https:\/\/sollen-design.com\/fr\/sollen-a-milan-pour-la-design-week\/#article","isPartOf":{"@id":"https:\/\/sollen-design.com\/fr\/sollen-a-milan-pour-la-design-week\/"},"author":{"name":"Aurelien Hivonnet","@id":"https:\/\/sollen-design.com\/fr\/#\/schema\/person\/a65032548361003f95afa74232dc643a"},"headline":"SOLLEN \u00c0 MILAN POUR LA DESIGN WEEK !","datePublished":"2023-03-31T09:30:49+00:00","dateModified":"2023-03-31T10:04:35+00:00","mainEntityOfPage":{"@id":"https:\/\/sollen-design.com\/fr\/sollen-a-milan-pour-la-design-week\/"},"wordCount":303,"commentCount":0,"publisher":{"@id":"https:\/\/sollen-design.com\/fr\/#organization"},"image":{"@id":"https:\/\/sollen-design.com\/fr\/sollen-a-milan-pour-la-design-week\/#primaryimage"},"thumbnailUrl":"https:\/\/sollen-design.com\/wp-content\/uploads\/SAVETHEDATE_LABO_MILANO-1-scaled.jpg","articleSection":["Actualit\u00e9s"],"inLanguage":"fr-FR","potentialAction":[{"@type":"CommentAction","name":"Comment","target":["https:\/\/sollen-design.com\/fr\/sollen-a-milan-pour-la-design-week\/#respond"]}]},{"@type":"WebPage","@id":"https:\/\/sollen-design.com\/fr\/sollen-a-milan-pour-la-design-week\/","url":"https:\/\/sollen-design.com\/fr\/sollen-a-milan-pour-la-design-week\/","name":"SOLLEN \u00c0 MILAN POUR LA DESIGN WEEK ! - SOLLEN","isPartOf":{"@id":"https:\/\/sollen-design.com\/fr\/#website"},"primaryImageOfPage":{"@id":"https:\/\/sollen-design.com\/fr\/sollen-a-milan-pour-la-design-week\/#primaryimage"},"image":{"@id":"https:\/\/sollen-design.com\/fr\/sollen-a-milan-pour-la-design-week\/#primaryimage"},"thumbnailUrl":"https:\/\/sollen-design.com\/wp-content\/uploads\/SAVETHEDATE_LABO_MILANO-1-scaled.jpg","datePublished":"2023-03-31T09:30:49+00:00","dateModified":"2023-03-31T10:04:35+00:00","breadcrumb":{"@id":"https:\/\/sollen-design.com\/fr\/sollen-a-milan-pour-la-design-week\/#breadcrumb"},"inLanguage":"fr-FR","potentialAction":[{"@type":"ReadAction","target":["https:\/\/sollen-design.com\/fr\/sollen-a-milan-pour-la-design-week\/"]}]},{"@type":"ImageObject","inLanguage":"fr-FR","@id":"https:\/\/sollen-design.com\/fr\/sollen-a-milan-pour-la-design-week\/#primaryimage","url":"https:\/\/sollen-design.com\/wp-content\/uploads\/SAVETHEDATE_LABO_MILANO-1-scaled.jpg","contentUrl":"https:\/\/sollen-design.com\/wp-content\/uploads\/SAVETHEDATE_LABO_MILANO-1-scaled.jpg","width":2560,"height":2560},{"@type":"BreadcrumbList","@id":"https:\/\/sollen-design.com\/fr\/sollen-a-milan-pour-la-design-week\/#breadcrumb","itemListElement":[{"@type":"ListItem","position":1,"name":"Accueil","item":"https:\/\/sollen-design.com\/fr\/"},{"@type":"ListItem","position":2,"name":"SOLLEN \u00c0 MILAN POUR LA DESIGN WEEK !"}]},{"@type":"WebSite","@id":"https:\/\/sollen-design.com\/fr\/#website","url":"https:\/\/sollen-design.com\/fr\/","name":"SOLLEN","description":"Maison d&#039;\u00e9dition de mobilier design","publisher":{"@id":"https:\/\/sollen-design.com\/fr\/#organization"},"potentialAction":[{"@type":"SearchAction","target":{"@type":"EntryPoint","urlTemplate":"https:\/\/sollen-design.com\/fr\/?s={search_term_string}"},"query-input":{"@type":"PropertyValueSpecification","valueRequired":true,"valueName":"search_term_string"}}],"inLanguage":"fr-FR"},{"@type":"Organization","@id":"https:\/\/sollen-design.com\/fr\/#organization","name":"SOLLEN","url":"https:\/\/sollen-design.com\/fr\/","logo":{"@type":"ImageObject","inLanguage":"fr-FR","@id":"https:\/\/sollen-design.com\/fr\/#\/schema\/logo\/image\/","url":"https:\/\/sollen-design.com\/wp-content\/uploads\/2021\/10\/LOGO_RVB_NOIR_130px.png","contentUrl":"https:\/\/sollen-design.com\/wp-content\/uploads\/2021\/10\/LOGO_RVB_NOIR_130px.png","width":130,"height":39,"caption":"SOLLEN"},"image":{"@id":"https:\/\/sollen-design.com\/fr\/#\/schema\/logo\/image\/"},"sameAs":["https:\/\/www.facebook.com\/sollendesign\/","https:\/\/www.instagram.com\/sollendesign\/","https:\/\/www.linkedin.com\/company\/sollendesign\/","https:\/\/www.pinterest.fr\/sollendesign\/"]},{"@type":"Person","@id":"https:\/\/sollen-design.com\/fr\/#\/schema\/person\/a65032548361003f95afa74232dc643a","name":"Aurelien Hivonnet","image":{"@type":"ImageObject","inLanguage":"fr-FR","@id":"https:\/\/secure.gravatar.com\/avatar\/ee94dd6ee1b935fcd65dd6e74578bbff055e499aaed1103cea1588637d509714?s=96&d=mm&r=g","url":"https:\/\/secure.gravatar.com\/avatar\/ee94dd6ee1b935fcd65dd6e74578bbff055e499aaed1103cea1588637d509714?s=96&d=mm&r=g","contentUrl":"https:\/\/secure.gravatar.com\/avatar\/ee94dd6ee1b935fcd65dd6e74578bbff055e499aaed1103cea1588637d509714?s=96&d=mm&r=g","caption":"Aurelien Hivonnet"},"sameAs":["https:\/\/sollen-design.com"]}]}},"_links":{"self":[{"href":"https:\/\/sollen-design.com\/fr\/wp-json\/wp\/v2\/posts\/16430","targetHints":{"allow":["GET"]}}],"collection":[{"href":"https:\/\/sollen-design.com\/fr\/wp-json\/wp\/v2\/posts"}],"about":[{"href":"https:\/\/sollen-design.com\/fr\/wp-json\/wp\/v2\/types\/post"}],"author":[{"embeddable":true,"href":"https:\/\/sollen-design.com\/fr\/wp-json\/wp\/v2\/users\/1"}],"replies":[{"embeddable":true,"href":"https:\/\/sollen-design.com\/fr\/wp-json\/wp\/v2\/comments?post=16430"}],"version-history":[{"count":0,"href":"https:\/\/sollen-design.com\/fr\/wp-json\/wp\/v2\/posts\/16430\/revisions"}],"wp:featuredmedia":[{"embeddable":true,"href":"https:\/\/sollen-design.com\/fr\/wp-json\/wp\/v2\/media\/16438"}],"wp:attachment":[{"href":"https:\/\/sollen-design.com\/fr\/wp-json\/wp\/v2\/media?parent=16430"}],"wp:term":[{"taxonomy":"category","embeddable":true,"href":"https:\/\/sollen-design.com\/fr\/wp-json\/wp\/v2\/categories?post=16430"},{"taxonomy":"post_tag","embeddable":true,"href":"https:\/\/sollen-design.com\/fr\/wp-json\/wp\/v2\/tags?post=16430"}],"curies":[{"name":"wp","href":"https:\/\/api.w.org\/{rel}","templated":true}]}}