{"id":13189,"date":"2022-09-14T22:08:17","date_gmt":"2022-09-14T20:08:17","guid":{"rendered":"https:\/\/sollen-design.com\/?p=13189"},"modified":"2023-01-27T15:20:56","modified_gmt":"2023-01-27T14:20:56","slug":"sollen-participe-a-la-paris-design-week-2022","status":"publish","type":"post","link":"https:\/\/sollen-design.com\/fr\/sollen-participe-a-la-paris-design-week-2022\/","title":{"rendered":"Sur la Paris Design Week 2022"},"content":{"rendered":"\n<p>La&nbsp;<strong>Paris Design Week<\/strong>, c&rsquo;est LE rendez-vous festif et f\u00e9d\u00e9rateur pendant lequel, sous l\u2019\u00e9gide de l\u2019art de vivre, toute la ville r\u00e9v\u00e8le les innombrables talents qu\u2019elle rec\u00e8le.<\/p>\n\n\n\n<p>Cet \u00e9v\u00e8nement propose une vision transversale du design au sens large, de la cr\u00e9ation de mobilier au design graphique, en passant par l\u2019architecture int\u00e9rieure, les arts d\u00e9coratifs et m\u00eame la gastronomie.<\/p>\n\n\n\n<p>Durant 10 jours, du&nbsp;<strong>8 au 17 septembre<\/strong>, c&rsquo;est tout l&rsquo;esprit de l&rsquo;incontournable Maison&amp;Objet que vous pouvez retrouver dans 3 quartiers parisiens.&nbsp;<\/p>\n\n\n\n<p>Retrouvez nous dans le&nbsp;<strong>quartier Palais Royal \/ Marais \/ Bastille<\/strong>, afin de d\u00e9couvrir l&rsquo;univers SOLLEN et nos mobiliers.&nbsp;<\/p>\n\n\n\n<p>Au cours de ces deux semaines nos conseillers vous accueille au sein de notre magasin partenaire&nbsp;<strong>Vestibule Paris<\/strong>, situ\u00e9 dans le&nbsp;<strong>3\u00e8me arrondissement parisien<\/strong>.&nbsp;<\/p>\n\n\n\n<p>SOLLEN exposera ses&nbsp;<strong>deux embl\u00e9matiques gammes de mobilier<\/strong>. Vous trouverez notre d\u00e9licat&nbsp;<strong>Nuage<\/strong>, dans son coloris phare : le blanc. A ses c\u00f4t\u00e9s, se trouve le somptueux fauteuil&nbsp;<strong>Racine<\/strong>. Vous pourrez retrouver ces deux fauteuils dans leur d\u00e9clinaison de bois :&nbsp;<strong>Noyer<\/strong>&nbsp;et&nbsp;<strong>Ch\u00eane<\/strong>, afin de vous aider au mieux \u00e0 faire votre avis.&nbsp;<\/p>\n\n\n\n<p>Nous sommes ravis de vous recevoir afin de vous faire profiter d&rsquo;un moment&nbsp;<strong>d&rsquo;accompagnement<\/strong>&nbsp;<strong>personnalis\u00e9<\/strong>&nbsp;avec l&rsquo;un de nos conseillers, afin d&rsquo;en d\u00e9couvrir plus sur l&rsquo;univers SOLLEN et ses coulisses. Profitez de cet instant d\u00e9couverte pour tester le confort sans pareil de nos fauteuils. Professionnels ou particuliers, au cours de cet instant privil\u00e9gi\u00e9, nous serons \u00e0 m\u00eame de vous conseiller pour le mieux selon vos projets, vos go\u00fbts et vos contraintes. Pour correspondre au mieux \u00e0 vos envies, nous vous proposons la&nbsp;<strong>personnalisation<\/strong>&nbsp;<strong>de<\/strong>&nbsp;<strong>votre<\/strong>&nbsp;<strong>choix<\/strong>&nbsp;gr\u00e2ce \u00e0 notre large panel de coloris disponibles.&nbsp;<\/p>\n\n\n\n<p>Nos conseillers vous accueille autour d&rsquo;un caf\u00e9 ou d&rsquo;un verre de vin bordelais, selon vos go\u00fbts, et pour profiter d&rsquo;un moment gourmand nous vous avons ramen\u00e9 de gourmands canel\u00e9s bordelais.&nbsp;<\/p>\n\n\n\n<p>Afin de profiter d&rsquo;un moment vraiment personnalis\u00e9 et privil\u00e9gi\u00e9,&nbsp;<strong>nous vous recommandons la prise de rendez-vous.&nbsp;<\/strong><\/p>\n\n\n\n<div style=\"height:100px\" aria-hidden=\"true\" class=\"wp-block-spacer\"><\/div>\n\n\n\n<figure class=\"wp-block-gallery has-nested-images columns-default is-cropped wp-block-gallery-1 is-layout-flex wp-block-gallery-is-layout-flex\">\n<figure class=\"wp-block-image size-large\"><img decoding=\"async\" data-id=\"13153\" src=\"https:\/\/sollen-design.com\/wp-content\/uploads\/PXL_20220906_161050636-1024x576.jpg\" alt=\"\" class=\"wp-image-13153\"\/><\/figure>\n\n\n\n<figure class=\"wp-block-image size-large\"><img decoding=\"async\" data-id=\"13151\" src=\"https:\/\/sollen-design.com\/wp-content\/uploads\/PXL_20220910_121605630-1024x576.jpg\" alt=\"\" class=\"wp-image-13151\"\/><\/figure>\n\n\n\n<figure class=\"wp-block-image size-large\"><img decoding=\"async\" data-id=\"13149\" src=\"https:\/\/sollen-design.com\/wp-content\/uploads\/PXL_20220908_091914151.PORTRAIT-1024x576.jpg\" alt=\"\" class=\"wp-image-13149\"\/><\/figure>\n\n\n\n<figure class=\"wp-block-image size-large\"><img decoding=\"async\" data-id=\"13147\" src=\"https:\/\/sollen-design.com\/wp-content\/uploads\/PXL_20220908_083604867.PORTRAIT-1024x576.jpg\" alt=\"\" class=\"wp-image-13147\"\/><\/figure>\n\n\n\n<figure class=\"wp-block-image size-large\"><img decoding=\"async\" data-id=\"13145\" src=\"https:\/\/sollen-design.com\/wp-content\/uploads\/PXL_20220910_073314690-1024x576.jpg\" alt=\"\" class=\"wp-image-13145\"\/><\/figure>\n<\/figure>\n","protected":false},"excerpt":{"rendered":"<p>SOLLEN a particip\u00e9 \u00e0 la Paris Design Week en septembre 2022. En parall\u00e8le et dans la continuit\u00e9 du salon Maison &#038; Objet, la Paris Design Week est l&rsquo;occasion pour plus de 400 marques de pr\u00e9senter leurs produits dans des lieux au c\u0153ur de Paris.<\/p>\n","protected":false},"author":1,"featured_media":13145,"comment_status":"open","ping_status":"open","sticky":false,"template":"","format":"standard","meta":{"footnotes":""},"categories":[90],"tags":[],"class_list":["post-13189","post","type-post","status-publish","format-standard","has-post-thumbnail","hentry","category-actualites"],"yoast_head":"<!-- This site is optimized with the Yoast SEO plugin v27.4 - https:\/\/yoast.com\/product\/yoast-seo-wordpress\/ -->\n<title>Sur la Paris Design Week 2022 - SOLLEN<\/title>\n<meta name=\"description\" content=\"SOLLEN a particip\u00e9 \u00e0 la Paris Design Week en septembre 2022 en parall\u00e8le du salon Maison&amp;Objet pour pr\u00e9senter ses produits au c\u0153ur de Paris.\" \/>\n<meta name=\"robots\" content=\"index, follow, max-snippet:-1, max-image-preview:large, max-video-preview:-1\" \/>\n<link rel=\"canonical\" href=\"https:\/\/sollen-design.com\/fr\/sollen-participe-a-la-paris-design-week-2022\/\" \/>\n<meta property=\"og:locale\" content=\"fr_FR\" \/>\n<meta property=\"og:type\" content=\"article\" \/>\n<meta property=\"og:title\" content=\"Sur la Paris Design Week 2022 - SOLLEN\" \/>\n<meta property=\"og:description\" content=\"SOLLEN a particip\u00e9 \u00e0 la Paris Design Week en septembre 2022 en parall\u00e8le du salon Maison&amp;Objet pour pr\u00e9senter ses produits au c\u0153ur de Paris.\" \/>\n<meta property=\"og:url\" content=\"https:\/\/sollen-design.com\/fr\/sollen-participe-a-la-paris-design-week-2022\/\" \/>\n<meta property=\"og:site_name\" content=\"SOLLEN\" \/>\n<meta property=\"article:publisher\" content=\"https:\/\/www.facebook.com\/sollendesign\/\" \/>\n<meta property=\"article:published_time\" content=\"2022-09-14T20:08:17+00:00\" \/>\n<meta property=\"article:modified_time\" content=\"2023-01-27T14:20:56+00:00\" \/>\n<meta property=\"og:image\" content=\"https:\/\/sollen-design.com\/wp-content\/uploads\/PXL_20220910_073314690-scaled.jpg\" \/>\n\t<meta property=\"og:image:width\" content=\"2560\" \/>\n\t<meta property=\"og:image:height\" content=\"1440\" \/>\n\t<meta property=\"og:image:type\" content=\"image\/jpeg\" \/>\n<meta name=\"author\" content=\"Aurelien Hivonnet\" \/>\n<meta name=\"twitter:card\" content=\"summary_large_image\" \/>\n<meta name=\"twitter:label1\" content=\"\u00c9crit par\" \/>\n\t<meta name=\"twitter:data1\" content=\"Aurelien Hivonnet\" \/>\n\t<meta name=\"twitter:label2\" content=\"Dur\u00e9e de lecture estim\u00e9e\" \/>\n\t<meta name=\"twitter:data2\" content=\"3 minutes\" \/>\n<script type=\"application\/ld+json\" class=\"yoast-schema-graph\">{\"@context\":\"https:\\\/\\\/schema.org\",\"@graph\":[{\"@type\":\"Article\",\"@id\":\"https:\\\/\\\/sollen-design.com\\\/en\\\/sollen-participates-in-paris-design-week-2022\\\/#article\",\"isPartOf\":{\"@id\":\"https:\\\/\\\/sollen-design.com\\\/en\\\/sollen-participates-in-paris-design-week-2022\\\/\"},\"author\":{\"name\":\"Aurelien Hivonnet\",\"@id\":\"https:\\\/\\\/sollen-design.com\\\/fr\\\/#\\\/schema\\\/person\\\/a65032548361003f95afa74232dc643a\"},\"headline\":\"Sur la Paris Design Week 2022\",\"datePublished\":\"2022-09-14T20:08:17+00:00\",\"dateModified\":\"2023-01-27T14:20:56+00:00\",\"mainEntityOfPage\":{\"@id\":\"https:\\\/\\\/sollen-design.com\\\/en\\\/sollen-participates-in-paris-design-week-2022\\\/\"},\"wordCount\":383,\"commentCount\":0,\"publisher\":{\"@id\":\"https:\\\/\\\/sollen-design.com\\\/fr\\\/#organization\"},\"image\":{\"@id\":\"https:\\\/\\\/sollen-design.com\\\/en\\\/sollen-participates-in-paris-design-week-2022\\\/#primaryimage\"},\"thumbnailUrl\":\"https:\\\/\\\/sollen-design.com\\\/wp-content\\\/uploads\\\/PXL_20220910_073314690-scaled.jpg\",\"articleSection\":[\"Actualit\u00e9s\"],\"inLanguage\":\"fr-FR\",\"potentialAction\":[{\"@type\":\"CommentAction\",\"name\":\"Comment\",\"target\":[\"https:\\\/\\\/sollen-design.com\\\/en\\\/sollen-participates-in-paris-design-week-2022\\\/#respond\"]}]},{\"@type\":\"WebPage\",\"@id\":\"https:\\\/\\\/sollen-design.com\\\/en\\\/sollen-participates-in-paris-design-week-2022\\\/\",\"url\":\"https:\\\/\\\/sollen-design.com\\\/en\\\/sollen-participates-in-paris-design-week-2022\\\/\",\"name\":\"Sur la Paris Design Week 2022 - SOLLEN\",\"isPartOf\":{\"@id\":\"https:\\\/\\\/sollen-design.com\\\/fr\\\/#website\"},\"primaryImageOfPage\":{\"@id\":\"https:\\\/\\\/sollen-design.com\\\/en\\\/sollen-participates-in-paris-design-week-2022\\\/#primaryimage\"},\"image\":{\"@id\":\"https:\\\/\\\/sollen-design.com\\\/en\\\/sollen-participates-in-paris-design-week-2022\\\/#primaryimage\"},\"thumbnailUrl\":\"https:\\\/\\\/sollen-design.com\\\/wp-content\\\/uploads\\\/PXL_20220910_073314690-scaled.jpg\",\"datePublished\":\"2022-09-14T20:08:17+00:00\",\"dateModified\":\"2023-01-27T14:20:56+00:00\",\"description\":\"SOLLEN a particip\u00e9 \u00e0 la Paris Design Week en septembre 2022 en parall\u00e8le du salon Maison&Objet pour pr\u00e9senter ses produits au c\u0153ur de Paris.\",\"breadcrumb\":{\"@id\":\"https:\\\/\\\/sollen-design.com\\\/en\\\/sollen-participates-in-paris-design-week-2022\\\/#breadcrumb\"},\"inLanguage\":\"fr-FR\",\"potentialAction\":[{\"@type\":\"ReadAction\",\"target\":[\"https:\\\/\\\/sollen-design.com\\\/en\\\/sollen-participates-in-paris-design-week-2022\\\/\"]}]},{\"@type\":\"ImageObject\",\"inLanguage\":\"fr-FR\",\"@id\":\"https:\\\/\\\/sollen-design.com\\\/en\\\/sollen-participates-in-paris-design-week-2022\\\/#primaryimage\",\"url\":\"https:\\\/\\\/sollen-design.com\\\/wp-content\\\/uploads\\\/PXL_20220910_073314690-scaled.jpg\",\"contentUrl\":\"https:\\\/\\\/sollen-design.com\\\/wp-content\\\/uploads\\\/PXL_20220910_073314690-scaled.jpg\",\"width\":2560,\"height\":1440},{\"@type\":\"BreadcrumbList\",\"@id\":\"https:\\\/\\\/sollen-design.com\\\/en\\\/sollen-participates-in-paris-design-week-2022\\\/#breadcrumb\",\"itemListElement\":[{\"@type\":\"ListItem\",\"position\":1,\"name\":\"Accueil\",\"item\":\"https:\\\/\\\/sollen-design.com\\\/fr\\\/\"},{\"@type\":\"ListItem\",\"position\":2,\"name\":\"Sur la Paris Design Week 2022\"}]},{\"@type\":\"WebSite\",\"@id\":\"https:\\\/\\\/sollen-design.com\\\/fr\\\/#website\",\"url\":\"https:\\\/\\\/sollen-design.com\\\/fr\\\/\",\"name\":\"SOLLEN\",\"description\":\"Maison d&#039;\u00e9dition de mobilier design\",\"publisher\":{\"@id\":\"https:\\\/\\\/sollen-design.com\\\/fr\\\/#organization\"},\"potentialAction\":[{\"@type\":\"SearchAction\",\"target\":{\"@type\":\"EntryPoint\",\"urlTemplate\":\"https:\\\/\\\/sollen-design.com\\\/fr\\\/?s={search_term_string}\"},\"query-input\":{\"@type\":\"PropertyValueSpecification\",\"valueRequired\":true,\"valueName\":\"search_term_string\"}}],\"inLanguage\":\"fr-FR\"},{\"@type\":\"Organization\",\"@id\":\"https:\\\/\\\/sollen-design.com\\\/fr\\\/#organization\",\"name\":\"SOLLEN\",\"url\":\"https:\\\/\\\/sollen-design.com\\\/fr\\\/\",\"logo\":{\"@type\":\"ImageObject\",\"inLanguage\":\"fr-FR\",\"@id\":\"https:\\\/\\\/sollen-design.com\\\/fr\\\/#\\\/schema\\\/logo\\\/image\\\/\",\"url\":\"https:\\\/\\\/sollen-design.com\\\/wp-content\\\/uploads\\\/2021\\\/10\\\/LOGO_RVB_NOIR_130px.png\",\"contentUrl\":\"https:\\\/\\\/sollen-design.com\\\/wp-content\\\/uploads\\\/2021\\\/10\\\/LOGO_RVB_NOIR_130px.png\",\"width\":130,\"height\":39,\"caption\":\"SOLLEN\"},\"image\":{\"@id\":\"https:\\\/\\\/sollen-design.com\\\/fr\\\/#\\\/schema\\\/logo\\\/image\\\/\"},\"sameAs\":[\"https:\\\/\\\/www.facebook.com\\\/sollendesign\\\/\",\"https:\\\/\\\/www.instagram.com\\\/sollendesign\\\/\",\"https:\\\/\\\/www.linkedin.com\\\/company\\\/sollendesign\\\/\",\"https:\\\/\\\/www.pinterest.fr\\\/sollendesign\\\/\"]},{\"@type\":\"Person\",\"@id\":\"https:\\\/\\\/sollen-design.com\\\/fr\\\/#\\\/schema\\\/person\\\/a65032548361003f95afa74232dc643a\",\"name\":\"Aurelien Hivonnet\",\"image\":{\"@type\":\"ImageObject\",\"inLanguage\":\"fr-FR\",\"@id\":\"https:\\\/\\\/secure.gravatar.com\\\/avatar\\\/ee94dd6ee1b935fcd65dd6e74578bbff055e499aaed1103cea1588637d509714?s=96&d=mm&r=g\",\"url\":\"https:\\\/\\\/secure.gravatar.com\\\/avatar\\\/ee94dd6ee1b935fcd65dd6e74578bbff055e499aaed1103cea1588637d509714?s=96&d=mm&r=g\",\"contentUrl\":\"https:\\\/\\\/secure.gravatar.com\\\/avatar\\\/ee94dd6ee1b935fcd65dd6e74578bbff055e499aaed1103cea1588637d509714?s=96&d=mm&r=g\",\"caption\":\"Aurelien Hivonnet\"},\"sameAs\":[\"https:\\\/\\\/sollen-design.com\"]}]}<\/script>\n<!-- \/ Yoast SEO plugin. -->","yoast_head_json":{"title":"Sur la Paris Design Week 2022 - SOLLEN","description":"SOLLEN a particip\u00e9 \u00e0 la Paris Design Week en septembre 2022 en parall\u00e8le du salon Maison&Objet pour pr\u00e9senter ses produits au c\u0153ur de Paris.","robots":{"index":"index","follow":"follow","max-snippet":"max-snippet:-1","max-image-preview":"max-image-preview:large","max-video-preview":"max-video-preview:-1"},"canonical":"https:\/\/sollen-design.com\/fr\/sollen-participe-a-la-paris-design-week-2022\/","og_locale":"fr_FR","og_type":"article","og_title":"Sur la Paris Design Week 2022 - SOLLEN","og_description":"SOLLEN a particip\u00e9 \u00e0 la Paris Design Week en septembre 2022 en parall\u00e8le du salon Maison&Objet pour pr\u00e9senter ses produits au c\u0153ur de Paris.","og_url":"https:\/\/sollen-design.com\/fr\/sollen-participe-a-la-paris-design-week-2022\/","og_site_name":"SOLLEN","article_publisher":"https:\/\/www.facebook.com\/sollendesign\/","article_published_time":"2022-09-14T20:08:17+00:00","article_modified_time":"2023-01-27T14:20:56+00:00","og_image":[{"width":2560,"height":1440,"url":"https:\/\/sollen-design.com\/wp-content\/uploads\/PXL_20220910_073314690-scaled.jpg","type":"image\/jpeg"}],"author":"Aurelien Hivonnet","twitter_card":"summary_large_image","twitter_misc":{"\u00c9crit par":"Aurelien Hivonnet","Dur\u00e9e de lecture estim\u00e9e":"3 minutes"},"schema":{"@context":"https:\/\/schema.org","@graph":[{"@type":"Article","@id":"https:\/\/sollen-design.com\/en\/sollen-participates-in-paris-design-week-2022\/#article","isPartOf":{"@id":"https:\/\/sollen-design.com\/en\/sollen-participates-in-paris-design-week-2022\/"},"author":{"name":"Aurelien Hivonnet","@id":"https:\/\/sollen-design.com\/fr\/#\/schema\/person\/a65032548361003f95afa74232dc643a"},"headline":"Sur la Paris Design Week 2022","datePublished":"2022-09-14T20:08:17+00:00","dateModified":"2023-01-27T14:20:56+00:00","mainEntityOfPage":{"@id":"https:\/\/sollen-design.com\/en\/sollen-participates-in-paris-design-week-2022\/"},"wordCount":383,"commentCount":0,"publisher":{"@id":"https:\/\/sollen-design.com\/fr\/#organization"},"image":{"@id":"https:\/\/sollen-design.com\/en\/sollen-participates-in-paris-design-week-2022\/#primaryimage"},"thumbnailUrl":"https:\/\/sollen-design.com\/wp-content\/uploads\/PXL_20220910_073314690-scaled.jpg","articleSection":["Actualit\u00e9s"],"inLanguage":"fr-FR","potentialAction":[{"@type":"CommentAction","name":"Comment","target":["https:\/\/sollen-design.com\/en\/sollen-participates-in-paris-design-week-2022\/#respond"]}]},{"@type":"WebPage","@id":"https:\/\/sollen-design.com\/en\/sollen-participates-in-paris-design-week-2022\/","url":"https:\/\/sollen-design.com\/en\/sollen-participates-in-paris-design-week-2022\/","name":"Sur la Paris Design Week 2022 - SOLLEN","isPartOf":{"@id":"https:\/\/sollen-design.com\/fr\/#website"},"primaryImageOfPage":{"@id":"https:\/\/sollen-design.com\/en\/sollen-participates-in-paris-design-week-2022\/#primaryimage"},"image":{"@id":"https:\/\/sollen-design.com\/en\/sollen-participates-in-paris-design-week-2022\/#primaryimage"},"thumbnailUrl":"https:\/\/sollen-design.com\/wp-content\/uploads\/PXL_20220910_073314690-scaled.jpg","datePublished":"2022-09-14T20:08:17+00:00","dateModified":"2023-01-27T14:20:56+00:00","description":"SOLLEN a particip\u00e9 \u00e0 la Paris Design Week en septembre 2022 en parall\u00e8le du salon Maison&Objet pour pr\u00e9senter ses produits au c\u0153ur de Paris.","breadcrumb":{"@id":"https:\/\/sollen-design.com\/en\/sollen-participates-in-paris-design-week-2022\/#breadcrumb"},"inLanguage":"fr-FR","potentialAction":[{"@type":"ReadAction","target":["https:\/\/sollen-design.com\/en\/sollen-participates-in-paris-design-week-2022\/"]}]},{"@type":"ImageObject","inLanguage":"fr-FR","@id":"https:\/\/sollen-design.com\/en\/sollen-participates-in-paris-design-week-2022\/#primaryimage","url":"https:\/\/sollen-design.com\/wp-content\/uploads\/PXL_20220910_073314690-scaled.jpg","contentUrl":"https:\/\/sollen-design.com\/wp-content\/uploads\/PXL_20220910_073314690-scaled.jpg","width":2560,"height":1440},{"@type":"BreadcrumbList","@id":"https:\/\/sollen-design.com\/en\/sollen-participates-in-paris-design-week-2022\/#breadcrumb","itemListElement":[{"@type":"ListItem","position":1,"name":"Accueil","item":"https:\/\/sollen-design.com\/fr\/"},{"@type":"ListItem","position":2,"name":"Sur la Paris Design Week 2022"}]},{"@type":"WebSite","@id":"https:\/\/sollen-design.com\/fr\/#website","url":"https:\/\/sollen-design.com\/fr\/","name":"SOLLEN","description":"Maison d&#039;\u00e9dition de mobilier design","publisher":{"@id":"https:\/\/sollen-design.com\/fr\/#organization"},"potentialAction":[{"@type":"SearchAction","target":{"@type":"EntryPoint","urlTemplate":"https:\/\/sollen-design.com\/fr\/?s={search_term_string}"},"query-input":{"@type":"PropertyValueSpecification","valueRequired":true,"valueName":"search_term_string"}}],"inLanguage":"fr-FR"},{"@type":"Organization","@id":"https:\/\/sollen-design.com\/fr\/#organization","name":"SOLLEN","url":"https:\/\/sollen-design.com\/fr\/","logo":{"@type":"ImageObject","inLanguage":"fr-FR","@id":"https:\/\/sollen-design.com\/fr\/#\/schema\/logo\/image\/","url":"https:\/\/sollen-design.com\/wp-content\/uploads\/2021\/10\/LOGO_RVB_NOIR_130px.png","contentUrl":"https:\/\/sollen-design.com\/wp-content\/uploads\/2021\/10\/LOGO_RVB_NOIR_130px.png","width":130,"height":39,"caption":"SOLLEN"},"image":{"@id":"https:\/\/sollen-design.com\/fr\/#\/schema\/logo\/image\/"},"sameAs":["https:\/\/www.facebook.com\/sollendesign\/","https:\/\/www.instagram.com\/sollendesign\/","https:\/\/www.linkedin.com\/company\/sollendesign\/","https:\/\/www.pinterest.fr\/sollendesign\/"]},{"@type":"Person","@id":"https:\/\/sollen-design.com\/fr\/#\/schema\/person\/a65032548361003f95afa74232dc643a","name":"Aurelien Hivonnet","image":{"@type":"ImageObject","inLanguage":"fr-FR","@id":"https:\/\/secure.gravatar.com\/avatar\/ee94dd6ee1b935fcd65dd6e74578bbff055e499aaed1103cea1588637d509714?s=96&d=mm&r=g","url":"https:\/\/secure.gravatar.com\/avatar\/ee94dd6ee1b935fcd65dd6e74578bbff055e499aaed1103cea1588637d509714?s=96&d=mm&r=g","contentUrl":"https:\/\/secure.gravatar.com\/avatar\/ee94dd6ee1b935fcd65dd6e74578bbff055e499aaed1103cea1588637d509714?s=96&d=mm&r=g","caption":"Aurelien Hivonnet"},"sameAs":["https:\/\/sollen-design.com"]}]}},"_links":{"self":[{"href":"https:\/\/sollen-design.com\/fr\/wp-json\/wp\/v2\/posts\/13189","targetHints":{"allow":["GET"]}}],"collection":[{"href":"https:\/\/sollen-design.com\/fr\/wp-json\/wp\/v2\/posts"}],"about":[{"href":"https:\/\/sollen-design.com\/fr\/wp-json\/wp\/v2\/types\/post"}],"author":[{"embeddable":true,"href":"https:\/\/sollen-design.com\/fr\/wp-json\/wp\/v2\/users\/1"}],"replies":[{"embeddable":true,"href":"https:\/\/sollen-design.com\/fr\/wp-json\/wp\/v2\/comments?post=13189"}],"version-history":[{"count":0,"href":"https:\/\/sollen-design.com\/fr\/wp-json\/wp\/v2\/posts\/13189\/revisions"}],"wp:featuredmedia":[{"embeddable":true,"href":"https:\/\/sollen-design.com\/fr\/wp-json\/wp\/v2\/media\/13145"}],"wp:attachment":[{"href":"https:\/\/sollen-design.com\/fr\/wp-json\/wp\/v2\/media?parent=13189"}],"wp:term":[{"taxonomy":"category","embeddable":true,"href":"https:\/\/sollen-design.com\/fr\/wp-json\/wp\/v2\/categories?post=13189"},{"taxonomy":"post_tag","embeddable":true,"href":"https:\/\/sollen-design.com\/fr\/wp-json\/wp\/v2\/tags?post=13189"}],"curies":[{"name":"wp","href":"https:\/\/api.w.org\/{rel}","templated":true}]}}