{"id":17003,"date":"2023-09-11T12:53:00","date_gmt":"2023-09-11T10:53:00","guid":{"rendered":"https:\/\/sollen-design.com\/?p=17003"},"modified":"2023-09-12T10:47:49","modified_gmt":"2023-09-12T08:47:49","slug":"sollen-celebrates-design-in-bordeaux-for-france-design-week-2023","status":"publish","type":"post","link":"https:\/\/sollen-design.com\/en\/sollen-celebre-le-design-a-bordeaux-pour-la-france-design-week-2023\/","title":{"rendered":"SOLLEN celebrates design in Bordeaux for France Design Week 2023!"},"content":{"rendered":"<p style=\"font-style:normal;font-weight:500\">After a first step at the <strong>Paris Design Week<\/strong>, <strong>SOLLEN leaves his luggage at La Cr\u00e8merie<\/strong> has <strong>Bordeaux<\/strong> for the <strong>France Design Week<\/strong> of <strong>September 15 to 28<\/strong>. We will then meet you at the <strong>new showroom <a href=\"https:\/\/7sgeq.r.a.d.sendibm1.com\/mk\/cl\/f\/sh\/OycZvHuFo1kTb2QbUItKuQi4\/kamF3J_yQqfu\" target=\"_blank\" rel=\"noreferrer noopener\">The cremerie<\/a><\/strong>, <em>37 All\u00e9es de Tourny, <\/em>in order to extend the Paris Design Week experience to Bordeaux during France Design Week. <\/p>\n\n\n\n<div style=\"height:52px\" aria-hidden=\"true\" class=\"wp-block-spacer\"><\/div>\n\n\n\n<h2 class=\"wp-block-heading\">What is France Design Week?&nbsp;<\/h2>\n\n\n\n<div style=\"height:10px\" aria-hidden=\"true\" class=\"wp-block-spacer\"><\/div>\n\n\n\n<figure class=\"wp-block-image aligncenter size-large is-resized\"><a href=\"https:\/\/francedesignweek.fr\/\"><img fetchpriority=\"high\" decoding=\"async\" src=\"https:\/\/sollen-design.com\/wp-content\/uploads\/FDW_logo_RVB_rouge_HD-889x1024.png\" alt=\"\" class=\"wp-image-17004\" style=\"width:267px;height:307px\" width=\"267\" height=\"307\" srcset=\"https:\/\/sollen-design.com\/wp-content\/uploads\/FDW_logo_RVB_rouge_HD-889x1024.png 889w, https:\/\/sollen-design.com\/wp-content\/uploads\/FDW_logo_RVB_rouge_HD-800x922.png 800w, https:\/\/sollen-design.com\/wp-content\/uploads\/FDW_logo_RVB_rouge_HD-174x200.png 174w, https:\/\/sollen-design.com\/wp-content\/uploads\/FDW_logo_RVB_rouge_HD-2000x2305.png 2000w, https:\/\/sollen-design.com\/wp-content\/uploads\/FDW_logo_RVB_rouge_HD-260x300.png 260w, https:\/\/sollen-design.com\/wp-content\/uploads\/FDW_logo_RVB_rouge_HD-768x885.png 768w, https:\/\/sollen-design.com\/wp-content\/uploads\/FDW_logo_RVB_rouge_HD-1333x1536.png 1333w\" sizes=\"(max-width: 267px) 100vw, 267px\" \/><\/a><\/figure>\n\n\n\n<p>There <a href=\"https:\/\/francedesignweek.fr\/\">France Design Week<\/a> is an unmissable annual event that celebrates the creativity and excellence of French design. This week dedicated to design is an opportunity for creators, designers, craftsmen and furniture publishing houses to present their exceptional creations to the general public.<\/p>\n\n\n\n<p>During this exciting week, visitors have the opportunity to experience unique exhibitions, art installations, interactive workshops and much more, while exploring the latest design trends. This is an ideal opportunity for design lovers to immerse themselves in the creative and innovative world of French design.<\/p>\n\n\n\n<div style=\"height:36px\" aria-hidden=\"true\" class=\"wp-block-spacer\"><\/div>\n\n\n\n<h3 class=\"wp-block-heading\">A \u201cLiving, Living\u201d theme<\/h3>\n\n\n\n<div style=\"height:8px\" aria-hidden=\"true\" class=\"wp-block-spacer\"><\/div>\n\n\n\n<figure class=\"wp-block-image alignleft size-large is-resized\"><a href=\"https:\/\/francedesignweek.fr\/\"><img decoding=\"async\" src=\"https:\/\/sollen-design.com\/wp-content\/uploads\/FDW_AFFICHE_2023_carre_reseaux-1024x1024.jpg\" alt=\"\" class=\"wp-image-17006\" style=\"width:517px;height:517px\" width=\"517\" height=\"517\" srcset=\"https:\/\/sollen-design.com\/wp-content\/uploads\/FDW_AFFICHE_2023_carre_reseaux-1024x1024.jpg 1024w, https:\/\/sollen-design.com\/wp-content\/uploads\/FDW_AFFICHE_2023_carre_reseaux-800x800.jpg 800w, https:\/\/sollen-design.com\/wp-content\/uploads\/FDW_AFFICHE_2023_carre_reseaux-200x200.jpg 200w, https:\/\/sollen-design.com\/wp-content\/uploads\/FDW_AFFICHE_2023_carre_reseaux-1000x1000.jpg 1000w, https:\/\/sollen-design.com\/wp-content\/uploads\/FDW_AFFICHE_2023_carre_reseaux-300x300.jpg 300w, https:\/\/sollen-design.com\/wp-content\/uploads\/FDW_AFFICHE_2023_carre_reseaux-150x150.jpg 150w, https:\/\/sollen-design.com\/wp-content\/uploads\/FDW_AFFICHE_2023_carre_reseaux-768x768.jpg 768w, https:\/\/sollen-design.com\/wp-content\/uploads\/FDW_AFFICHE_2023_carre_reseaux-650x650.jpg 650w, https:\/\/sollen-design.com\/wp-content\/uploads\/FDW_AFFICHE_2023_carre_reseaux.jpg 1200w\" sizes=\"(max-width: 517px) 100vw, 517px\" \/><\/a><figcaption class=\"wp-element-caption\"><a href=\"https:\/\/francedesignweek.fr\/evenements\/edition2023\/\"><strong>Discover here the program in New Aquitaine<\/strong><\/a><\/figcaption><\/figure>\n\n\n\n<p style=\"font-style:normal;font-weight:500\">For this new edition of France Design Week, the theme \u201cLiving, Living\u201d is intended to be both inclusive and exhaustive. Labeled events highlight the transformative capacity of design in all aspects of our existence and explore how design emerges from life and contributes to improving the quality of life for all.<\/p>\n\n\n\n<p><em>\u201cThis year, France Design Week is interested in the design of the living for the living, so that living can remain a necessary pleasure. \u00bb<\/em> France Design Week<\/p>\n\n\n\n<div style=\"height:65px\" aria-hidden=\"true\" class=\"wp-block-spacer\"><\/div>\n\n\n\n<h2 class=\"wp-block-heading\">SOLLEN x La Cr\u00e8merie, a Bordeaux encounter<\/h2>\n\n\n\n<div style=\"height:35px\" aria-hidden=\"true\" class=\"wp-block-spacer\"><\/div>\n\n\n\n<div class=\"wp-block-columns is-layout-flex wp-container-core-columns-is-layout-28f84493 wp-block-columns-is-layout-flex\">\n<div class=\"wp-block-column is-layout-flow wp-block-column-is-layout-flow\" style=\"flex-basis:100%\">\n<figure class=\"wp-block-gallery has-nested-images columns-default is-cropped wp-block-gallery-1 is-layout-flex wp-block-gallery-is-layout-flex\">\n<figure class=\"wp-block-image size-large\"><a href=\"https:\/\/www.instagram.com\/sollendesign\/\"><img decoding=\"async\" width=\"602\" height=\"640\" data-id=\"17020\" src=\"https:\/\/sollen-design.com\/wp-content\/uploads\/7.jpg\" alt=\"\" class=\"wp-image-17020\" srcset=\"https:\/\/sollen-design.com\/wp-content\/uploads\/7.jpg 602w, https:\/\/sollen-design.com\/wp-content\/uploads\/7-188x200.jpg 188w, https:\/\/sollen-design.com\/wp-content\/uploads\/7-282x300.jpg 282w\" sizes=\"(max-width: 602px) 100vw, 602px\" \/><\/a><\/figure>\n\n\n\n<figure class=\"wp-block-image size-large\"><a href=\"https:\/\/www.instagram.com\/sollendesign\/\"><img loading=\"lazy\" decoding=\"async\" width=\"598\" height=\"640\" data-id=\"17016\" src=\"https:\/\/sollen-design.com\/wp-content\/uploads\/8-1.jpg\" alt=\"\" class=\"wp-image-17016\" srcset=\"https:\/\/sollen-design.com\/wp-content\/uploads\/8-1.jpg 598w, https:\/\/sollen-design.com\/wp-content\/uploads\/8-1-187x200.jpg 187w, https:\/\/sollen-design.com\/wp-content\/uploads\/8-1-280x300.jpg 280w\" sizes=\"(max-width: 598px) 100vw, 598px\" \/><\/a><\/figure>\n\n\n\n<figure class=\"wp-block-image size-large\"><a href=\"https:\/\/www.instagram.com\/sollendesign\/\"><img loading=\"lazy\" decoding=\"async\" width=\"571\" height=\"640\" data-id=\"17018\" src=\"https:\/\/sollen-design.com\/wp-content\/uploads\/9.jpg\" alt=\"\" class=\"wp-image-17018\" srcset=\"https:\/\/sollen-design.com\/wp-content\/uploads\/9.jpg 571w, https:\/\/sollen-design.com\/wp-content\/uploads\/9-178x200.jpg 178w, https:\/\/sollen-design.com\/wp-content\/uploads\/9-268x300.jpg 268w\" sizes=\"(max-width: 571px) 100vw, 571px\" \/><\/a><\/figure>\n<\/figure>\n<\/div>\n<\/div>\n\n\n\n<p style=\"font-style:normal;font-weight:500\"><strong>SOLLEN x <a href=\"https:\/\/lacremerie.fr\/\">The cremerie<\/a><\/strong>, it&#039;s a <strong>perfect combination of local know-how, sustainable values and the French art of living<\/strong>. The promise ? <strong>Give you a unique and immersive experience<\/strong> thanks to a <strong>virtual reality headset<\/strong> (VR) and <strong>immersive 3D scenes<\/strong>, imagined and designed by La Cr\u00e8merie. <\/p>\n\n\n\n<p style=\"font-style:normal;font-weight:500\">After a first exhibition at Paris Design Week, <strong>come and discover exclusively the new designs of the<a href=\"https:\/\/sollen-design.com\/en\/product-2\/lounge-set-nuage\/\"> NUAGE armchair<\/a> : 3 new fabrics and 2 new wood finishes<\/strong>. The unique opportunity to dive into a light and airy chair. <\/p>\n\n\n\n<div style=\"height:51px\" aria-hidden=\"true\" class=\"wp-block-spacer\"><\/div>\n\n\n\n<h2 class=\"wp-block-heading has-text-align-center\">We look forward to seeing you from September 15 to 28! <\/h2>\n\n\n\n<div style=\"height:57px\" aria-hidden=\"true\" class=\"wp-block-spacer\"><\/div>\n\n\n\n<p style=\"font-style:italic;font-weight:400\"><strong><em>Useful information :<\/em><\/strong><\/p>\n\n\n\n<ul class=\"wp-block-list\">\n<li>France Design Week<\/li>\n\n\n\n<li>Showroom La Cr\u00e8merie \u2013 37 All\u00e9es de Tourny, 33000 Bordeaux \u2013 France<\/li>\n\n\n\n<li>15\/09 > 28\/09  \n<ul class=\"wp-block-list\">\n<li>Monday to Friday: 10:00 \u2013 12:30 | 2:00 p.m. \u2013 7:00 p.m.<\/li>\n<\/ul>\n\n\n\n<ul class=\"wp-block-list\">\n<li>Saturday: 10:00 \u2013 12:30 | 2:00 p.m. \u2013 8:00 p.m.<\/li>\n<\/ul>\n<\/li>\n\n\n\n<li>Free Entry \u2013 All public<\/li>\n<\/ul>","protected":false},"excerpt":{"rendered":"<p>Apr\u00e8s une premi\u00e8re \u00e9tape \u00e0 la Paris Design Week, SOLLEN pose ses bagages chez La Cr\u00e8merie \u00e0 Bordeaux pour la France Design Week du 15 au 28 septembre. Nous vous donnons alors rendez-vous au sein du nouveau showroom de La Cr\u00e8merie, 37 All\u00e9es de Tourny, afin de prolonger l&rsquo;exp\u00e9rience Paris Design Week \u00e0 Bordeaux lors [&hellip;]<\/p>\n","protected":false},"author":1,"featured_media":17033,"comment_status":"open","ping_status":"open","sticky":false,"template":"","format":"standard","meta":{"footnotes":""},"categories":[90],"tags":[],"class_list":["post-17003","post","type-post","status-publish","format-standard","has-post-thumbnail","hentry","category-actualites"],"yoast_head":"<!-- This site is optimized with the Yoast SEO plugin v27.4 - https:\/\/yoast.com\/product\/yoast-seo-wordpress\/ -->\n<title>SOLLEN c\u00e9l\u00e8bre le design \u00e0 Bordeaux pour La France Design Week 2023 ! - SOLLEN<\/title>\n<meta name=\"description\" content=\"SOLLEN x La Cr\u00e8merie, c\u00e9l\u00e8bre le design \u00e0 Bordeaux lors de la France Design Week 2023. Venez d\u00e9couvrir une exp\u00e9rience unique et immersive.\" \/>\n<meta name=\"robots\" content=\"index, follow, max-snippet:-1, max-image-preview:large, max-video-preview:-1\" \/>\n<link rel=\"canonical\" href=\"https:\/\/sollen-design.com\/en\/sollen-celebrates-design-in-bordeaux-for-france-design-week-2023\/\" \/>\n<meta property=\"og:locale\" content=\"en_GB\" \/>\n<meta property=\"og:type\" content=\"article\" \/>\n<meta property=\"og:title\" content=\"SOLLEN c\u00e9l\u00e8bre le design \u00e0 Bordeaux pour La France Design Week 2023 ! - SOLLEN\" \/>\n<meta property=\"og:description\" content=\"SOLLEN x La Cr\u00e8merie, c\u00e9l\u00e8bre le design \u00e0 Bordeaux lors de la France Design Week 2023. Venez d\u00e9couvrir une exp\u00e9rience unique et immersive.\" \/>\n<meta property=\"og:url\" content=\"https:\/\/sollen-design.com\/en\/sollen-celebrates-design-in-bordeaux-for-france-design-week-2023\/\" \/>\n<meta property=\"og:site_name\" content=\"SOLLEN\" \/>\n<meta property=\"article:publisher\" content=\"https:\/\/www.facebook.com\/sollendesign\/\" \/>\n<meta property=\"article:published_time\" content=\"2023-09-11T10:53:00+00:00\" \/>\n<meta property=\"article:modified_time\" content=\"2023-09-12T08:47:49+00:00\" \/>\n<meta property=\"og:image\" content=\"https:\/\/sollen-design.com\/wp-content\/uploads\/Couverture_Article_Blog.jpg\" \/>\n\t<meta property=\"og:image:width\" content=\"1812\" \/>\n\t<meta property=\"og:image:height\" content=\"2500\" \/>\n\t<meta property=\"og:image:type\" content=\"image\/jpeg\" \/>\n<meta name=\"author\" content=\"Aurelien Hivonnet\" \/>\n<meta name=\"twitter:card\" content=\"summary_large_image\" \/>\n<meta name=\"twitter:label1\" content=\"Written by\" \/>\n\t<meta name=\"twitter:data1\" content=\"Aurelien Hivonnet\" \/>\n\t<meta name=\"twitter:label2\" content=\"Estimated reading time\" \/>\n\t<meta name=\"twitter:data2\" content=\"4 minutes\" \/>\n<script type=\"application\/ld+json\" class=\"yoast-schema-graph\">{\"@context\":\"https:\\\/\\\/schema.org\",\"@graph\":[{\"@type\":\"Article\",\"@id\":\"https:\\\/\\\/sollen-design.com\\\/fr\\\/sollen-celebre-le-design-a-bordeaux-pour-la-france-design-week-2023\\\/#article\",\"isPartOf\":{\"@id\":\"https:\\\/\\\/sollen-design.com\\\/fr\\\/sollen-celebre-le-design-a-bordeaux-pour-la-france-design-week-2023\\\/\"},\"author\":{\"name\":\"Aurelien Hivonnet\",\"@id\":\"https:\\\/\\\/sollen-design.com\\\/fr\\\/#\\\/schema\\\/person\\\/a65032548361003f95afa74232dc643a\"},\"headline\":\"SOLLEN c\u00e9l\u00e8bre le design \u00e0 Bordeaux pour La France Design Week 2023 !\",\"datePublished\":\"2023-09-11T10:53:00+00:00\",\"dateModified\":\"2023-09-12T08:47:49+00:00\",\"mainEntityOfPage\":{\"@id\":\"https:\\\/\\\/sollen-design.com\\\/fr\\\/sollen-celebre-le-design-a-bordeaux-pour-la-france-design-week-2023\\\/\"},\"wordCount\":451,\"commentCount\":0,\"publisher\":{\"@id\":\"https:\\\/\\\/sollen-design.com\\\/fr\\\/#organization\"},\"image\":{\"@id\":\"https:\\\/\\\/sollen-design.com\\\/fr\\\/sollen-celebre-le-design-a-bordeaux-pour-la-france-design-week-2023\\\/#primaryimage\"},\"thumbnailUrl\":\"https:\\\/\\\/sollen-design.com\\\/wp-content\\\/uploads\\\/Couverture_Article_Blog.jpg\",\"articleSection\":[\"Actualit\u00e9s\"],\"inLanguage\":\"en-GB\",\"potentialAction\":[{\"@type\":\"CommentAction\",\"name\":\"Comment\",\"target\":[\"https:\\\/\\\/sollen-design.com\\\/fr\\\/sollen-celebre-le-design-a-bordeaux-pour-la-france-design-week-2023\\\/#respond\"]}]},{\"@type\":\"WebPage\",\"@id\":\"https:\\\/\\\/sollen-design.com\\\/fr\\\/sollen-celebre-le-design-a-bordeaux-pour-la-france-design-week-2023\\\/\",\"url\":\"https:\\\/\\\/sollen-design.com\\\/fr\\\/sollen-celebre-le-design-a-bordeaux-pour-la-france-design-week-2023\\\/\",\"name\":\"SOLLEN c\u00e9l\u00e8bre le design \u00e0 Bordeaux pour La France Design Week 2023 ! - SOLLEN\",\"isPartOf\":{\"@id\":\"https:\\\/\\\/sollen-design.com\\\/fr\\\/#website\"},\"primaryImageOfPage\":{\"@id\":\"https:\\\/\\\/sollen-design.com\\\/fr\\\/sollen-celebre-le-design-a-bordeaux-pour-la-france-design-week-2023\\\/#primaryimage\"},\"image\":{\"@id\":\"https:\\\/\\\/sollen-design.com\\\/fr\\\/sollen-celebre-le-design-a-bordeaux-pour-la-france-design-week-2023\\\/#primaryimage\"},\"thumbnailUrl\":\"https:\\\/\\\/sollen-design.com\\\/wp-content\\\/uploads\\\/Couverture_Article_Blog.jpg\",\"datePublished\":\"2023-09-11T10:53:00+00:00\",\"dateModified\":\"2023-09-12T08:47:49+00:00\",\"description\":\"SOLLEN x La Cr\u00e8merie, c\u00e9l\u00e8bre le design \u00e0 Bordeaux lors de la France Design Week 2023. Venez d\u00e9couvrir une exp\u00e9rience unique et immersive.\",\"breadcrumb\":{\"@id\":\"https:\\\/\\\/sollen-design.com\\\/fr\\\/sollen-celebre-le-design-a-bordeaux-pour-la-france-design-week-2023\\\/#breadcrumb\"},\"inLanguage\":\"en-GB\",\"potentialAction\":[{\"@type\":\"ReadAction\",\"target\":[\"https:\\\/\\\/sollen-design.com\\\/fr\\\/sollen-celebre-le-design-a-bordeaux-pour-la-france-design-week-2023\\\/\"]}]},{\"@type\":\"ImageObject\",\"inLanguage\":\"en-GB\",\"@id\":\"https:\\\/\\\/sollen-design.com\\\/fr\\\/sollen-celebre-le-design-a-bordeaux-pour-la-france-design-week-2023\\\/#primaryimage\",\"url\":\"https:\\\/\\\/sollen-design.com\\\/wp-content\\\/uploads\\\/Couverture_Article_Blog.jpg\",\"contentUrl\":\"https:\\\/\\\/sollen-design.com\\\/wp-content\\\/uploads\\\/Couverture_Article_Blog.jpg\",\"width\":1812,\"height\":2500},{\"@type\":\"BreadcrumbList\",\"@id\":\"https:\\\/\\\/sollen-design.com\\\/fr\\\/sollen-celebre-le-design-a-bordeaux-pour-la-france-design-week-2023\\\/#breadcrumb\",\"itemListElement\":[{\"@type\":\"ListItem\",\"position\":1,\"name\":\"Accueil\",\"item\":\"https:\\\/\\\/sollen-design.com\\\/fr\\\/\"},{\"@type\":\"ListItem\",\"position\":2,\"name\":\"SOLLEN c\u00e9l\u00e8bre le design \u00e0 Bordeaux pour La France Design Week 2023 !\"}]},{\"@type\":\"WebSite\",\"@id\":\"https:\\\/\\\/sollen-design.com\\\/fr\\\/#website\",\"url\":\"https:\\\/\\\/sollen-design.com\\\/fr\\\/\",\"name\":\"SOLLEN\",\"description\":\"Maison d&#039;\u00e9dition de mobilier design\",\"publisher\":{\"@id\":\"https:\\\/\\\/sollen-design.com\\\/fr\\\/#organization\"},\"potentialAction\":[{\"@type\":\"SearchAction\",\"target\":{\"@type\":\"EntryPoint\",\"urlTemplate\":\"https:\\\/\\\/sollen-design.com\\\/fr\\\/?s={search_term_string}\"},\"query-input\":{\"@type\":\"PropertyValueSpecification\",\"valueRequired\":true,\"valueName\":\"search_term_string\"}}],\"inLanguage\":\"en-GB\"},{\"@type\":\"Organization\",\"@id\":\"https:\\\/\\\/sollen-design.com\\\/fr\\\/#organization\",\"name\":\"SOLLEN\",\"url\":\"https:\\\/\\\/sollen-design.com\\\/fr\\\/\",\"logo\":{\"@type\":\"ImageObject\",\"inLanguage\":\"en-GB\",\"@id\":\"https:\\\/\\\/sollen-design.com\\\/fr\\\/#\\\/schema\\\/logo\\\/image\\\/\",\"url\":\"https:\\\/\\\/sollen-design.com\\\/wp-content\\\/uploads\\\/2021\\\/10\\\/LOGO_RVB_NOIR_130px.png\",\"contentUrl\":\"https:\\\/\\\/sollen-design.com\\\/wp-content\\\/uploads\\\/2021\\\/10\\\/LOGO_RVB_NOIR_130px.png\",\"width\":130,\"height\":39,\"caption\":\"SOLLEN\"},\"image\":{\"@id\":\"https:\\\/\\\/sollen-design.com\\\/fr\\\/#\\\/schema\\\/logo\\\/image\\\/\"},\"sameAs\":[\"https:\\\/\\\/www.facebook.com\\\/sollendesign\\\/\",\"https:\\\/\\\/www.instagram.com\\\/sollendesign\\\/\",\"https:\\\/\\\/www.linkedin.com\\\/company\\\/sollendesign\\\/\",\"https:\\\/\\\/www.pinterest.fr\\\/sollendesign\\\/\"]},{\"@type\":\"Person\",\"@id\":\"https:\\\/\\\/sollen-design.com\\\/fr\\\/#\\\/schema\\\/person\\\/a65032548361003f95afa74232dc643a\",\"name\":\"Aurelien Hivonnet\",\"image\":{\"@type\":\"ImageObject\",\"inLanguage\":\"en-GB\",\"@id\":\"https:\\\/\\\/secure.gravatar.com\\\/avatar\\\/ee94dd6ee1b935fcd65dd6e74578bbff055e499aaed1103cea1588637d509714?s=96&d=mm&r=g\",\"url\":\"https:\\\/\\\/secure.gravatar.com\\\/avatar\\\/ee94dd6ee1b935fcd65dd6e74578bbff055e499aaed1103cea1588637d509714?s=96&d=mm&r=g\",\"contentUrl\":\"https:\\\/\\\/secure.gravatar.com\\\/avatar\\\/ee94dd6ee1b935fcd65dd6e74578bbff055e499aaed1103cea1588637d509714?s=96&d=mm&r=g\",\"caption\":\"Aurelien Hivonnet\"},\"sameAs\":[\"https:\\\/\\\/sollen-design.com\"]}]}<\/script>\n<!-- \/ Yoast SEO plugin. -->","yoast_head_json":{"title":"SOLLEN celebrates design in Bordeaux for France Design Week 2023! - SOLLEN","description":"SOLLEN x La Cr\u00e8merie, celebrates design in Bordeaux during France Design Week 2023. Come and discover a unique and immersive experience.","robots":{"index":"index","follow":"follow","max-snippet":"max-snippet:-1","max-image-preview":"max-image-preview:large","max-video-preview":"max-video-preview:-1"},"canonical":"https:\/\/sollen-design.com\/en\/sollen-celebrates-design-in-bordeaux-for-france-design-week-2023\/","og_locale":"en_GB","og_type":"article","og_title":"SOLLEN c\u00e9l\u00e8bre le design \u00e0 Bordeaux pour La France Design Week 2023 ! - SOLLEN","og_description":"SOLLEN x La Cr\u00e8merie, c\u00e9l\u00e8bre le design \u00e0 Bordeaux lors de la France Design Week 2023. Venez d\u00e9couvrir une exp\u00e9rience unique et immersive.","og_url":"https:\/\/sollen-design.com\/en\/sollen-celebrates-design-in-bordeaux-for-france-design-week-2023\/","og_site_name":"SOLLEN","article_publisher":"https:\/\/www.facebook.com\/sollendesign\/","article_published_time":"2023-09-11T10:53:00+00:00","article_modified_time":"2023-09-12T08:47:49+00:00","og_image":[{"width":1812,"height":2500,"url":"https:\/\/sollen-design.com\/wp-content\/uploads\/Couverture_Article_Blog.jpg","type":"image\/jpeg"}],"author":"Aurelien Hivonnet","twitter_card":"summary_large_image","twitter_misc":{"Written by":"Aurelien Hivonnet","Estimated reading time":"4 minutes"},"schema":{"@context":"https:\/\/schema.org","@graph":[{"@type":"Article","@id":"https:\/\/sollen-design.com\/fr\/sollen-celebre-le-design-a-bordeaux-pour-la-france-design-week-2023\/#article","isPartOf":{"@id":"https:\/\/sollen-design.com\/fr\/sollen-celebre-le-design-a-bordeaux-pour-la-france-design-week-2023\/"},"author":{"name":"Aurelien Hivonnet","@id":"https:\/\/sollen-design.com\/fr\/#\/schema\/person\/a65032548361003f95afa74232dc643a"},"headline":"SOLLEN c\u00e9l\u00e8bre le design \u00e0 Bordeaux pour La France Design Week 2023 !","datePublished":"2023-09-11T10:53:00+00:00","dateModified":"2023-09-12T08:47:49+00:00","mainEntityOfPage":{"@id":"https:\/\/sollen-design.com\/fr\/sollen-celebre-le-design-a-bordeaux-pour-la-france-design-week-2023\/"},"wordCount":451,"commentCount":0,"publisher":{"@id":"https:\/\/sollen-design.com\/fr\/#organization"},"image":{"@id":"https:\/\/sollen-design.com\/fr\/sollen-celebre-le-design-a-bordeaux-pour-la-france-design-week-2023\/#primaryimage"},"thumbnailUrl":"https:\/\/sollen-design.com\/wp-content\/uploads\/Couverture_Article_Blog.jpg","articleSection":["Actualit\u00e9s"],"inLanguage":"en-GB","potentialAction":[{"@type":"CommentAction","name":"Comment","target":["https:\/\/sollen-design.com\/fr\/sollen-celebre-le-design-a-bordeaux-pour-la-france-design-week-2023\/#respond"]}]},{"@type":"WebPage","@id":"https:\/\/sollen-design.com\/fr\/sollen-celebre-le-design-a-bordeaux-pour-la-france-design-week-2023\/","url":"https:\/\/sollen-design.com\/fr\/sollen-celebre-le-design-a-bordeaux-pour-la-france-design-week-2023\/","name":"SOLLEN celebrates design in Bordeaux for France Design Week 2023! - SOLLEN","isPartOf":{"@id":"https:\/\/sollen-design.com\/fr\/#website"},"primaryImageOfPage":{"@id":"https:\/\/sollen-design.com\/fr\/sollen-celebre-le-design-a-bordeaux-pour-la-france-design-week-2023\/#primaryimage"},"image":{"@id":"https:\/\/sollen-design.com\/fr\/sollen-celebre-le-design-a-bordeaux-pour-la-france-design-week-2023\/#primaryimage"},"thumbnailUrl":"https:\/\/sollen-design.com\/wp-content\/uploads\/Couverture_Article_Blog.jpg","datePublished":"2023-09-11T10:53:00+00:00","dateModified":"2023-09-12T08:47:49+00:00","description":"SOLLEN x La Cr\u00e8merie, celebrates design in Bordeaux during France Design Week 2023. Come and discover a unique and immersive experience.","breadcrumb":{"@id":"https:\/\/sollen-design.com\/fr\/sollen-celebre-le-design-a-bordeaux-pour-la-france-design-week-2023\/#breadcrumb"},"inLanguage":"en-GB","potentialAction":[{"@type":"ReadAction","target":["https:\/\/sollen-design.com\/fr\/sollen-celebre-le-design-a-bordeaux-pour-la-france-design-week-2023\/"]}]},{"@type":"ImageObject","inLanguage":"en-GB","@id":"https:\/\/sollen-design.com\/fr\/sollen-celebre-le-design-a-bordeaux-pour-la-france-design-week-2023\/#primaryimage","url":"https:\/\/sollen-design.com\/wp-content\/uploads\/Couverture_Article_Blog.jpg","contentUrl":"https:\/\/sollen-design.com\/wp-content\/uploads\/Couverture_Article_Blog.jpg","width":1812,"height":2500},{"@type":"BreadcrumbList","@id":"https:\/\/sollen-design.com\/fr\/sollen-celebre-le-design-a-bordeaux-pour-la-france-design-week-2023\/#breadcrumb","itemListElement":[{"@type":"ListItem","position":1,"name":"Accueil","item":"https:\/\/sollen-design.com\/fr\/"},{"@type":"ListItem","position":2,"name":"SOLLEN c\u00e9l\u00e8bre le design \u00e0 Bordeaux pour La France Design Week 2023 !"}]},{"@type":"WebSite","@id":"https:\/\/sollen-design.com\/fr\/#website","url":"https:\/\/sollen-design.com\/fr\/","name":"SOLLEN","description":"Designer furniture publishing house","publisher":{"@id":"https:\/\/sollen-design.com\/fr\/#organization"},"potentialAction":[{"@type":"SearchAction","target":{"@type":"EntryPoint","urlTemplate":"https:\/\/sollen-design.com\/fr\/?s={search_term_string}"},"query-input":{"@type":"PropertyValueSpecification","valueRequired":true,"valueName":"search_term_string"}}],"inLanguage":"en-GB"},{"@type":"Organization","@id":"https:\/\/sollen-design.com\/fr\/#organization","name":"SOLLEN","url":"https:\/\/sollen-design.com\/fr\/","logo":{"@type":"ImageObject","inLanguage":"en-GB","@id":"https:\/\/sollen-design.com\/fr\/#\/schema\/logo\/image\/","url":"https:\/\/sollen-design.com\/wp-content\/uploads\/2021\/10\/LOGO_RVB_NOIR_130px.png","contentUrl":"https:\/\/sollen-design.com\/wp-content\/uploads\/2021\/10\/LOGO_RVB_NOIR_130px.png","width":130,"height":39,"caption":"SOLLEN"},"image":{"@id":"https:\/\/sollen-design.com\/fr\/#\/schema\/logo\/image\/"},"sameAs":["https:\/\/www.facebook.com\/sollendesign\/","https:\/\/www.instagram.com\/sollendesign\/","https:\/\/www.linkedin.com\/company\/sollendesign\/","https:\/\/www.pinterest.fr\/sollendesign\/"]},{"@type":"Person","@id":"https:\/\/sollen-design.com\/fr\/#\/schema\/person\/a65032548361003f95afa74232dc643a","name":"Aurelien Hivonnet","image":{"@type":"ImageObject","inLanguage":"en-GB","@id":"https:\/\/secure.gravatar.com\/avatar\/ee94dd6ee1b935fcd65dd6e74578bbff055e499aaed1103cea1588637d509714?s=96&d=mm&r=g","url":"https:\/\/secure.gravatar.com\/avatar\/ee94dd6ee1b935fcd65dd6e74578bbff055e499aaed1103cea1588637d509714?s=96&d=mm&r=g","contentUrl":"https:\/\/secure.gravatar.com\/avatar\/ee94dd6ee1b935fcd65dd6e74578bbff055e499aaed1103cea1588637d509714?s=96&d=mm&r=g","caption":"Aurelien Hivonnet"},"sameAs":["https:\/\/sollen-design.com"]}]}},"_links":{"self":[{"href":"https:\/\/sollen-design.com\/en\/wp-json\/wp\/v2\/posts\/17003","targetHints":{"allow":["GET"]}}],"collection":[{"href":"https:\/\/sollen-design.com\/en\/wp-json\/wp\/v2\/posts"}],"about":[{"href":"https:\/\/sollen-design.com\/en\/wp-json\/wp\/v2\/types\/post"}],"author":[{"embeddable":true,"href":"https:\/\/sollen-design.com\/en\/wp-json\/wp\/v2\/users\/1"}],"replies":[{"embeddable":true,"href":"https:\/\/sollen-design.com\/en\/wp-json\/wp\/v2\/comments?post=17003"}],"version-history":[{"count":0,"href":"https:\/\/sollen-design.com\/en\/wp-json\/wp\/v2\/posts\/17003\/revisions"}],"wp:featuredmedia":[{"embeddable":true,"href":"https:\/\/sollen-design.com\/en\/wp-json\/wp\/v2\/media\/17033"}],"wp:attachment":[{"href":"https:\/\/sollen-design.com\/en\/wp-json\/wp\/v2\/media?parent=17003"}],"wp:term":[{"taxonomy":"category","embeddable":true,"href":"https:\/\/sollen-design.com\/en\/wp-json\/wp\/v2\/categories?post=17003"},{"taxonomy":"post_tag","embeddable":true,"href":"https:\/\/sollen-design.com\/en\/wp-json\/wp\/v2\/tags?post=17003"}],"curies":[{"name":"wp","href":"https:\/\/api.w.org\/{rel}","templated":true}]}}