{"id":13189,"date":"2022-09-14T22:08:17","date_gmt":"2022-09-14T20:08:17","guid":{"rendered":"https:\/\/sollen-design.com\/?p=13189"},"modified":"2023-01-27T15:20:56","modified_gmt":"2023-01-27T14:20:56","slug":"sollen-participates-in-paris-design-week-2022","status":"publish","type":"post","link":"https:\/\/sollen-design.com\/en\/sollen-participe-a-la-paris-design-week-2022\/","title":{"rendered":"On Paris Design Week 2022"},"content":{"rendered":"<p>There&nbsp;<strong>Paris Design Week<\/strong>, it is THE festive and unifying event during which, under the aegis of the art of living, the entire city reveals the countless talents it conceals.<\/p>\n\n\n\n<p>This event offers a transversal vision of design in the broad sense, from the creation of furniture to graphic design, including interior architecture, decorative arts and even gastronomy.<\/p>\n\n\n\n<p>For 10 days, from&nbsp;<strong>September 8 to 17<\/strong>, it&#039;s all the spirit of the unmissable Maison&amp;Objet that you can find in 3 Parisian districts.&nbsp;<\/p>\n\n\n\n<p>Find us in the&nbsp;<strong>Palais Royal \/ Marais \/ Bastille district<\/strong>, in order to discover the SOLLEN universe and our furniture.&nbsp;<\/p>\n\n\n\n<p>During these two weeks our advisors welcome you to our partner store&nbsp;<strong>Vestibule Paris<\/strong>, located in the&nbsp;<strong>3rd arrondissement of Paris<\/strong>.&nbsp;<\/p>\n\n\n\n<p>SOLLEN will exhibit its&nbsp;<strong>two emblematic ranges of furniture<\/strong>. You will find our delicate&nbsp;<strong>Cloud<\/strong>, in its flagship color: white. At his side is the sumptuous armchair&nbsp;<strong>Root<\/strong>. You can find these two armchairs in their wooden version:&nbsp;<strong>Walnut<\/strong>&nbsp;And&nbsp;<strong>Oak<\/strong>, in order to best help you form your opinion.&nbsp;<\/p>\n\n\n\n<p>We are delighted to welcome you so that you can enjoy a moment&nbsp;<strong>accompanying<\/strong>&nbsp;<strong>personalized<\/strong>&nbsp;with one of our advisors, to discover more about the SOLLEN world and its behind the scenes. Take advantage of this moment of discovery to test the unparalleled comfort of our armchairs. Professionals or individuals, during this special moment, we will be able to advise you best according to your projects, your tastes and your constraints. To best suit your desires, we offer you the&nbsp;<strong>personalization<\/strong>&nbsp;<strong>of<\/strong>&nbsp;<strong>your<\/strong>&nbsp;<strong>choice<\/strong>&nbsp;thanks to our wide range of available colors.&nbsp;<\/p>\n\n\n\n<p>Our advisors will welcome you around a coffee or a glass of Bordeaux wine, according to your tastes, and to enjoy a gourmet moment we have brought you some gourmet Bordeaux canel\u00e9s.&nbsp;<\/p>\n\n\n\n<p>In order to enjoy a truly personalized and privileged moment,&nbsp;<strong>we recommend making an appointment.&nbsp;<\/strong><\/p>\n\n\n\n<div style=\"height:100px\" aria-hidden=\"true\" class=\"wp-block-spacer\"><\/div>\n\n\n\n<figure class=\"wp-block-gallery has-nested-images columns-default is-cropped wp-block-gallery-1 is-layout-flex wp-block-gallery-is-layout-flex\">\n<figure class=\"wp-block-image size-large\"><img decoding=\"async\" data-id=\"13153\" src=\"https:\/\/sollen-design.com\/wp-content\/uploads\/PXL_20220906_161050636-1024x576.jpg\" alt=\"\" class=\"wp-image-13153\"\/><\/figure>\n\n\n\n<figure class=\"wp-block-image size-large\"><img decoding=\"async\" data-id=\"13151\" src=\"https:\/\/sollen-design.com\/wp-content\/uploads\/PXL_20220910_121605630-1024x576.jpg\" alt=\"\" class=\"wp-image-13151\"\/><\/figure>\n\n\n\n<figure class=\"wp-block-image size-large\"><img decoding=\"async\" data-id=\"13149\" src=\"https:\/\/sollen-design.com\/wp-content\/uploads\/PXL_20220908_091914151.PORTRAIT-1024x576.jpg\" alt=\"\" class=\"wp-image-13149\"\/><\/figure>\n\n\n\n<figure class=\"wp-block-image size-large\"><img decoding=\"async\" data-id=\"13147\" src=\"https:\/\/sollen-design.com\/wp-content\/uploads\/PXL_20220908_083604867.PORTRAIT-1024x576.jpg\" alt=\"\" class=\"wp-image-13147\"\/><\/figure>\n\n\n\n<figure class=\"wp-block-image size-large\"><img decoding=\"async\" data-id=\"13145\" src=\"https:\/\/sollen-design.com\/wp-content\/uploads\/PXL_20220910_073314690-1024x576.jpg\" alt=\"\" class=\"wp-image-13145\"\/><\/figure>\n<\/figure>","protected":false},"excerpt":{"rendered":"<p>SOLLEN participated in Paris Design Week in September 2022. In parallel and as a continuation of the Maison &amp; Objet show, Paris Design Week is an opportunity for more than 400 brands to present their products in locations in the heart of Paris.<\/p>","protected":false},"author":1,"featured_media":13145,"comment_status":"open","ping_status":"open","sticky":false,"template":"","format":"standard","meta":{"footnotes":""},"categories":[90],"tags":[],"class_list":["post-13189","post","type-post","status-publish","format-standard","has-post-thumbnail","hentry","category-actualites"],"yoast_head":"<!-- This site is optimized with the Yoast SEO plugin v27.4 - https:\/\/yoast.com\/product\/yoast-seo-wordpress\/ -->\n<title>Sur la Paris Design Week 2022 - SOLLEN<\/title>\n<meta name=\"description\" content=\"SOLLEN a particip\u00e9 \u00e0 la Paris Design Week en septembre 2022 en parall\u00e8le du salon Maison&amp;Objet pour pr\u00e9senter ses produits au c\u0153ur de Paris.\" \/>\n<meta name=\"robots\" content=\"index, follow, max-snippet:-1, max-image-preview:large, max-video-preview:-1\" \/>\n<link rel=\"canonical\" href=\"https:\/\/sollen-design.com\/en\/sollen-participates-in-paris-design-week-2022\/\" \/>\n<meta property=\"og:locale\" content=\"en_GB\" \/>\n<meta property=\"og:type\" content=\"article\" \/>\n<meta property=\"og:title\" content=\"Sur la Paris Design Week 2022 - SOLLEN\" \/>\n<meta property=\"og:description\" content=\"SOLLEN a particip\u00e9 \u00e0 la Paris Design Week en septembre 2022 en parall\u00e8le du salon Maison&amp;Objet pour pr\u00e9senter ses produits au c\u0153ur de Paris.\" \/>\n<meta property=\"og:url\" content=\"https:\/\/sollen-design.com\/en\/sollen-participates-in-paris-design-week-2022\/\" \/>\n<meta property=\"og:site_name\" content=\"SOLLEN\" \/>\n<meta property=\"article:publisher\" content=\"https:\/\/www.facebook.com\/sollendesign\/\" \/>\n<meta property=\"article:published_time\" content=\"2022-09-14T20:08:17+00:00\" \/>\n<meta property=\"article:modified_time\" content=\"2023-01-27T14:20:56+00:00\" \/>\n<meta property=\"og:image\" content=\"https:\/\/sollen-design.com\/wp-content\/uploads\/PXL_20220910_073314690-scaled.jpg\" \/>\n\t<meta property=\"og:image:width\" content=\"2560\" \/>\n\t<meta property=\"og:image:height\" content=\"1440\" \/>\n\t<meta property=\"og:image:type\" content=\"image\/jpeg\" \/>\n<meta name=\"author\" content=\"Aurelien Hivonnet\" \/>\n<meta name=\"twitter:card\" content=\"summary_large_image\" \/>\n<meta name=\"twitter:label1\" content=\"Written by\" \/>\n\t<meta name=\"twitter:data1\" content=\"Aurelien Hivonnet\" \/>\n\t<meta name=\"twitter:label2\" content=\"Estimated reading time\" \/>\n\t<meta name=\"twitter:data2\" content=\"3 minutes\" \/>\n<script type=\"application\/ld+json\" class=\"yoast-schema-graph\">{\"@context\":\"https:\\\/\\\/schema.org\",\"@graph\":[{\"@type\":\"Article\",\"@id\":\"https:\\\/\\\/sollen-design.com\\\/en\\\/sollen-participates-in-paris-design-week-2022\\\/#article\",\"isPartOf\":{\"@id\":\"https:\\\/\\\/sollen-design.com\\\/en\\\/sollen-participates-in-paris-design-week-2022\\\/\"},\"author\":{\"name\":\"Aurelien Hivonnet\",\"@id\":\"https:\\\/\\\/sollen-design.com\\\/fr\\\/#\\\/schema\\\/person\\\/a65032548361003f95afa74232dc643a\"},\"headline\":\"Sur la Paris Design Week 2022\",\"datePublished\":\"2022-09-14T20:08:17+00:00\",\"dateModified\":\"2023-01-27T14:20:56+00:00\",\"mainEntityOfPage\":{\"@id\":\"https:\\\/\\\/sollen-design.com\\\/en\\\/sollen-participates-in-paris-design-week-2022\\\/\"},\"wordCount\":383,\"commentCount\":0,\"publisher\":{\"@id\":\"https:\\\/\\\/sollen-design.com\\\/fr\\\/#organization\"},\"image\":{\"@id\":\"https:\\\/\\\/sollen-design.com\\\/en\\\/sollen-participates-in-paris-design-week-2022\\\/#primaryimage\"},\"thumbnailUrl\":\"https:\\\/\\\/sollen-design.com\\\/wp-content\\\/uploads\\\/PXL_20220910_073314690-scaled.jpg\",\"articleSection\":[\"Actualit\u00e9s\"],\"inLanguage\":\"en-GB\",\"potentialAction\":[{\"@type\":\"CommentAction\",\"name\":\"Comment\",\"target\":[\"https:\\\/\\\/sollen-design.com\\\/en\\\/sollen-participates-in-paris-design-week-2022\\\/#respond\"]}]},{\"@type\":\"WebPage\",\"@id\":\"https:\\\/\\\/sollen-design.com\\\/en\\\/sollen-participates-in-paris-design-week-2022\\\/\",\"url\":\"https:\\\/\\\/sollen-design.com\\\/en\\\/sollen-participates-in-paris-design-week-2022\\\/\",\"name\":\"Sur la Paris Design Week 2022 - SOLLEN\",\"isPartOf\":{\"@id\":\"https:\\\/\\\/sollen-design.com\\\/fr\\\/#website\"},\"primaryImageOfPage\":{\"@id\":\"https:\\\/\\\/sollen-design.com\\\/en\\\/sollen-participates-in-paris-design-week-2022\\\/#primaryimage\"},\"image\":{\"@id\":\"https:\\\/\\\/sollen-design.com\\\/en\\\/sollen-participates-in-paris-design-week-2022\\\/#primaryimage\"},\"thumbnailUrl\":\"https:\\\/\\\/sollen-design.com\\\/wp-content\\\/uploads\\\/PXL_20220910_073314690-scaled.jpg\",\"datePublished\":\"2022-09-14T20:08:17+00:00\",\"dateModified\":\"2023-01-27T14:20:56+00:00\",\"description\":\"SOLLEN a particip\u00e9 \u00e0 la Paris Design Week en septembre 2022 en parall\u00e8le du salon Maison&Objet pour pr\u00e9senter ses produits au c\u0153ur de Paris.\",\"breadcrumb\":{\"@id\":\"https:\\\/\\\/sollen-design.com\\\/en\\\/sollen-participates-in-paris-design-week-2022\\\/#breadcrumb\"},\"inLanguage\":\"en-GB\",\"potentialAction\":[{\"@type\":\"ReadAction\",\"target\":[\"https:\\\/\\\/sollen-design.com\\\/en\\\/sollen-participates-in-paris-design-week-2022\\\/\"]}]},{\"@type\":\"ImageObject\",\"inLanguage\":\"en-GB\",\"@id\":\"https:\\\/\\\/sollen-design.com\\\/en\\\/sollen-participates-in-paris-design-week-2022\\\/#primaryimage\",\"url\":\"https:\\\/\\\/sollen-design.com\\\/wp-content\\\/uploads\\\/PXL_20220910_073314690-scaled.jpg\",\"contentUrl\":\"https:\\\/\\\/sollen-design.com\\\/wp-content\\\/uploads\\\/PXL_20220910_073314690-scaled.jpg\",\"width\":2560,\"height\":1440},{\"@type\":\"BreadcrumbList\",\"@id\":\"https:\\\/\\\/sollen-design.com\\\/en\\\/sollen-participates-in-paris-design-week-2022\\\/#breadcrumb\",\"itemListElement\":[{\"@type\":\"ListItem\",\"position\":1,\"name\":\"Accueil\",\"item\":\"https:\\\/\\\/sollen-design.com\\\/fr\\\/\"},{\"@type\":\"ListItem\",\"position\":2,\"name\":\"Sur la Paris Design Week 2022\"}]},{\"@type\":\"WebSite\",\"@id\":\"https:\\\/\\\/sollen-design.com\\\/fr\\\/#website\",\"url\":\"https:\\\/\\\/sollen-design.com\\\/fr\\\/\",\"name\":\"SOLLEN\",\"description\":\"Maison d&#039;\u00e9dition de mobilier design\",\"publisher\":{\"@id\":\"https:\\\/\\\/sollen-design.com\\\/fr\\\/#organization\"},\"potentialAction\":[{\"@type\":\"SearchAction\",\"target\":{\"@type\":\"EntryPoint\",\"urlTemplate\":\"https:\\\/\\\/sollen-design.com\\\/fr\\\/?s={search_term_string}\"},\"query-input\":{\"@type\":\"PropertyValueSpecification\",\"valueRequired\":true,\"valueName\":\"search_term_string\"}}],\"inLanguage\":\"en-GB\"},{\"@type\":\"Organization\",\"@id\":\"https:\\\/\\\/sollen-design.com\\\/fr\\\/#organization\",\"name\":\"SOLLEN\",\"url\":\"https:\\\/\\\/sollen-design.com\\\/fr\\\/\",\"logo\":{\"@type\":\"ImageObject\",\"inLanguage\":\"en-GB\",\"@id\":\"https:\\\/\\\/sollen-design.com\\\/fr\\\/#\\\/schema\\\/logo\\\/image\\\/\",\"url\":\"https:\\\/\\\/sollen-design.com\\\/wp-content\\\/uploads\\\/2021\\\/10\\\/LOGO_RVB_NOIR_130px.png\",\"contentUrl\":\"https:\\\/\\\/sollen-design.com\\\/wp-content\\\/uploads\\\/2021\\\/10\\\/LOGO_RVB_NOIR_130px.png\",\"width\":130,\"height\":39,\"caption\":\"SOLLEN\"},\"image\":{\"@id\":\"https:\\\/\\\/sollen-design.com\\\/fr\\\/#\\\/schema\\\/logo\\\/image\\\/\"},\"sameAs\":[\"https:\\\/\\\/www.facebook.com\\\/sollendesign\\\/\",\"https:\\\/\\\/www.instagram.com\\\/sollendesign\\\/\",\"https:\\\/\\\/www.linkedin.com\\\/company\\\/sollendesign\\\/\",\"https:\\\/\\\/www.pinterest.fr\\\/sollendesign\\\/\"]},{\"@type\":\"Person\",\"@id\":\"https:\\\/\\\/sollen-design.com\\\/fr\\\/#\\\/schema\\\/person\\\/a65032548361003f95afa74232dc643a\",\"name\":\"Aurelien Hivonnet\",\"image\":{\"@type\":\"ImageObject\",\"inLanguage\":\"en-GB\",\"@id\":\"https:\\\/\\\/secure.gravatar.com\\\/avatar\\\/ee94dd6ee1b935fcd65dd6e74578bbff055e499aaed1103cea1588637d509714?s=96&d=mm&r=g\",\"url\":\"https:\\\/\\\/secure.gravatar.com\\\/avatar\\\/ee94dd6ee1b935fcd65dd6e74578bbff055e499aaed1103cea1588637d509714?s=96&d=mm&r=g\",\"contentUrl\":\"https:\\\/\\\/secure.gravatar.com\\\/avatar\\\/ee94dd6ee1b935fcd65dd6e74578bbff055e499aaed1103cea1588637d509714?s=96&d=mm&r=g\",\"caption\":\"Aurelien Hivonnet\"},\"sameAs\":[\"https:\\\/\\\/sollen-design.com\"]}]}<\/script>\n<!-- \/ Yoast SEO plugin. -->","yoast_head_json":{"title":"On Paris Design Week 2022 - SOLLEN","description":"SOLLEN participated in Paris Design Week in September 2022 in parallel with the Maison&amp;Objet show to present its products in the heart of Paris.","robots":{"index":"index","follow":"follow","max-snippet":"max-snippet:-1","max-image-preview":"max-image-preview:large","max-video-preview":"max-video-preview:-1"},"canonical":"https:\/\/sollen-design.com\/en\/sollen-participates-in-paris-design-week-2022\/","og_locale":"en_GB","og_type":"article","og_title":"Sur la Paris Design Week 2022 - SOLLEN","og_description":"SOLLEN a particip\u00e9 \u00e0 la Paris Design Week en septembre 2022 en parall\u00e8le du salon Maison&Objet pour pr\u00e9senter ses produits au c\u0153ur de Paris.","og_url":"https:\/\/sollen-design.com\/en\/sollen-participates-in-paris-design-week-2022\/","og_site_name":"SOLLEN","article_publisher":"https:\/\/www.facebook.com\/sollendesign\/","article_published_time":"2022-09-14T20:08:17+00:00","article_modified_time":"2023-01-27T14:20:56+00:00","og_image":[{"width":2560,"height":1440,"url":"https:\/\/sollen-design.com\/wp-content\/uploads\/PXL_20220910_073314690-scaled.jpg","type":"image\/jpeg"}],"author":"Aurelien Hivonnet","twitter_card":"summary_large_image","twitter_misc":{"Written by":"Aurelien Hivonnet","Estimated reading time":"3 minutes"},"schema":{"@context":"https:\/\/schema.org","@graph":[{"@type":"Article","@id":"https:\/\/sollen-design.com\/en\/sollen-participates-in-paris-design-week-2022\/#article","isPartOf":{"@id":"https:\/\/sollen-design.com\/en\/sollen-participates-in-paris-design-week-2022\/"},"author":{"name":"Aurelien Hivonnet","@id":"https:\/\/sollen-design.com\/fr\/#\/schema\/person\/a65032548361003f95afa74232dc643a"},"headline":"Sur la Paris Design Week 2022","datePublished":"2022-09-14T20:08:17+00:00","dateModified":"2023-01-27T14:20:56+00:00","mainEntityOfPage":{"@id":"https:\/\/sollen-design.com\/en\/sollen-participates-in-paris-design-week-2022\/"},"wordCount":383,"commentCount":0,"publisher":{"@id":"https:\/\/sollen-design.com\/fr\/#organization"},"image":{"@id":"https:\/\/sollen-design.com\/en\/sollen-participates-in-paris-design-week-2022\/#primaryimage"},"thumbnailUrl":"https:\/\/sollen-design.com\/wp-content\/uploads\/PXL_20220910_073314690-scaled.jpg","articleSection":["Actualit\u00e9s"],"inLanguage":"en-GB","potentialAction":[{"@type":"CommentAction","name":"Comment","target":["https:\/\/sollen-design.com\/en\/sollen-participates-in-paris-design-week-2022\/#respond"]}]},{"@type":"WebPage","@id":"https:\/\/sollen-design.com\/en\/sollen-participates-in-paris-design-week-2022\/","url":"https:\/\/sollen-design.com\/en\/sollen-participates-in-paris-design-week-2022\/","name":"On Paris Design Week 2022 - SOLLEN","isPartOf":{"@id":"https:\/\/sollen-design.com\/fr\/#website"},"primaryImageOfPage":{"@id":"https:\/\/sollen-design.com\/en\/sollen-participates-in-paris-design-week-2022\/#primaryimage"},"image":{"@id":"https:\/\/sollen-design.com\/en\/sollen-participates-in-paris-design-week-2022\/#primaryimage"},"thumbnailUrl":"https:\/\/sollen-design.com\/wp-content\/uploads\/PXL_20220910_073314690-scaled.jpg","datePublished":"2022-09-14T20:08:17+00:00","dateModified":"2023-01-27T14:20:56+00:00","description":"SOLLEN participated in Paris Design Week in September 2022 in parallel with the Maison&amp;Objet show to present its products in the heart of Paris.","breadcrumb":{"@id":"https:\/\/sollen-design.com\/en\/sollen-participates-in-paris-design-week-2022\/#breadcrumb"},"inLanguage":"en-GB","potentialAction":[{"@type":"ReadAction","target":["https:\/\/sollen-design.com\/en\/sollen-participates-in-paris-design-week-2022\/"]}]},{"@type":"ImageObject","inLanguage":"en-GB","@id":"https:\/\/sollen-design.com\/en\/sollen-participates-in-paris-design-week-2022\/#primaryimage","url":"https:\/\/sollen-design.com\/wp-content\/uploads\/PXL_20220910_073314690-scaled.jpg","contentUrl":"https:\/\/sollen-design.com\/wp-content\/uploads\/PXL_20220910_073314690-scaled.jpg","width":2560,"height":1440},{"@type":"BreadcrumbList","@id":"https:\/\/sollen-design.com\/en\/sollen-participates-in-paris-design-week-2022\/#breadcrumb","itemListElement":[{"@type":"ListItem","position":1,"name":"Accueil","item":"https:\/\/sollen-design.com\/fr\/"},{"@type":"ListItem","position":2,"name":"Sur la Paris Design Week 2022"}]},{"@type":"WebSite","@id":"https:\/\/sollen-design.com\/fr\/#website","url":"https:\/\/sollen-design.com\/fr\/","name":"SOLLEN","description":"Designer furniture publishing house","publisher":{"@id":"https:\/\/sollen-design.com\/fr\/#organization"},"potentialAction":[{"@type":"SearchAction","target":{"@type":"EntryPoint","urlTemplate":"https:\/\/sollen-design.com\/fr\/?s={search_term_string}"},"query-input":{"@type":"PropertyValueSpecification","valueRequired":true,"valueName":"search_term_string"}}],"inLanguage":"en-GB"},{"@type":"Organization","@id":"https:\/\/sollen-design.com\/fr\/#organization","name":"SOLLEN","url":"https:\/\/sollen-design.com\/fr\/","logo":{"@type":"ImageObject","inLanguage":"en-GB","@id":"https:\/\/sollen-design.com\/fr\/#\/schema\/logo\/image\/","url":"https:\/\/sollen-design.com\/wp-content\/uploads\/2021\/10\/LOGO_RVB_NOIR_130px.png","contentUrl":"https:\/\/sollen-design.com\/wp-content\/uploads\/2021\/10\/LOGO_RVB_NOIR_130px.png","width":130,"height":39,"caption":"SOLLEN"},"image":{"@id":"https:\/\/sollen-design.com\/fr\/#\/schema\/logo\/image\/"},"sameAs":["https:\/\/www.facebook.com\/sollendesign\/","https:\/\/www.instagram.com\/sollendesign\/","https:\/\/www.linkedin.com\/company\/sollendesign\/","https:\/\/www.pinterest.fr\/sollendesign\/"]},{"@type":"Person","@id":"https:\/\/sollen-design.com\/fr\/#\/schema\/person\/a65032548361003f95afa74232dc643a","name":"Aurelien Hivonnet","image":{"@type":"ImageObject","inLanguage":"en-GB","@id":"https:\/\/secure.gravatar.com\/avatar\/ee94dd6ee1b935fcd65dd6e74578bbff055e499aaed1103cea1588637d509714?s=96&d=mm&r=g","url":"https:\/\/secure.gravatar.com\/avatar\/ee94dd6ee1b935fcd65dd6e74578bbff055e499aaed1103cea1588637d509714?s=96&d=mm&r=g","contentUrl":"https:\/\/secure.gravatar.com\/avatar\/ee94dd6ee1b935fcd65dd6e74578bbff055e499aaed1103cea1588637d509714?s=96&d=mm&r=g","caption":"Aurelien Hivonnet"},"sameAs":["https:\/\/sollen-design.com"]}]}},"_links":{"self":[{"href":"https:\/\/sollen-design.com\/en\/wp-json\/wp\/v2\/posts\/13189","targetHints":{"allow":["GET"]}}],"collection":[{"href":"https:\/\/sollen-design.com\/en\/wp-json\/wp\/v2\/posts"}],"about":[{"href":"https:\/\/sollen-design.com\/en\/wp-json\/wp\/v2\/types\/post"}],"author":[{"embeddable":true,"href":"https:\/\/sollen-design.com\/en\/wp-json\/wp\/v2\/users\/1"}],"replies":[{"embeddable":true,"href":"https:\/\/sollen-design.com\/en\/wp-json\/wp\/v2\/comments?post=13189"}],"version-history":[{"count":0,"href":"https:\/\/sollen-design.com\/en\/wp-json\/wp\/v2\/posts\/13189\/revisions"}],"wp:featuredmedia":[{"embeddable":true,"href":"https:\/\/sollen-design.com\/en\/wp-json\/wp\/v2\/media\/13145"}],"wp:attachment":[{"href":"https:\/\/sollen-design.com\/en\/wp-json\/wp\/v2\/media?parent=13189"}],"wp:term":[{"taxonomy":"category","embeddable":true,"href":"https:\/\/sollen-design.com\/en\/wp-json\/wp\/v2\/categories?post=13189"},{"taxonomy":"post_tag","embeddable":true,"href":"https:\/\/sollen-design.com\/en\/wp-json\/wp\/v2\/tags?post=13189"}],"curies":[{"name":"wp","href":"https:\/\/api.w.org\/{rel}","templated":true}]}}